{"id":10000,"date":"2023-11-30T11:28:00","date_gmt":"2023-11-30T15:28:00","guid":{"rendered":"http:\/\/172.27.0.121\/?p=10000"},"modified":"2024-04-23T11:30:44","modified_gmt":"2024-04-23T15:30:44","slug":"presidente-maduro-se-estrena-en-la-plataforma-podcast-con-temas-variados","status":"publish","type":"post","link":"https:\/\/prensapresidencialvenezuela.gob.ve\/index.php\/2023\/11\/30\/presidente-maduro-se-estrena-en-la-plataforma-podcast-con-temas-variados\/","title":{"rendered":"Presidente Maduro se estrena en la plataforma podcast con temas variados"},"content":{"rendered":"\n<p><strong>Palacio de Miraflores, Caracas. \u2013<\/strong>Dando cuenta de lo que es hacer pol\u00edtica con car\u00e1cter humanista, el presidente de la Rep\u00fablica Bolivariana de Venezuela, Nicol\u00e1s Maduro, estren\u00f3, junto a su primera invitada especial, la Primera Combatiente de la Rep\u00fablica, Cilia Flores, la edici\u00f3n \u201cMaduro Podcast\u201d, una serie epis\u00f3dica para \u201ccomunicarnos siempre sobre muchas cosas, para conversar, para saludarlos, por aqu\u00ed, por all\u00e1, para compartir recuerdos, reflexiones\u201d, adelant\u00f3 el jefe de Estado.<\/p>\n\n\n\n<p>\u00c9l, como nuevo presentador en este formato digital se pase\u00f3 por temas pol\u00edticos del pasado, an\u00e9cdotas, eventos actuales de la misma din\u00e1mica gubernamental y hasta por particularidades en el amor, desempolvando temas musicales como el de Leonardo Fabio (Ding Dong, estas cosas del amor), sobre la que su primera invitada confes\u00f3 le traen \u201chermosos y bellos recuerdos de un pasado alegre y feliz\u201d.<\/p>\n\n\n\n<p>\u00a1Todo listo!, sonaba la m\u00fasica de fondo. \u201cPara recibirla, lo hago con una m\u00fasica que nos trae grandes recuerdos all\u00e1 en los 90, una m\u00fasica que viene de los 70, pero que en los 90 nos (re) son\u00f3 a los dos, a ella y a m\u00ed. \u00a1Vamos a escuchar!\u201d, dijo el presidente Maduro.<\/p>\n\n\n\n<p>Y con ese hilo musical, Nicol\u00e1s Maduro inici\u00f3 el ameno di\u00e1logo con la Primera Combatiente, con quien, sinti\u00f3 una conexi\u00f3n inmediata, desde que la conoci\u00f3.<\/p>\n\n\n\n<p>Ambos coincidieron en ello; Flores desde un principio se identific\u00f3 plenamente con aquel joven pol\u00edtico, por pensar igual respecto al comandante Hugo Ch\u00e1vez.<\/p>\n\n\n\n<p>Compartieron que la compa\u00f1\u00eda mutua en la lucha pol\u00edtica lleg\u00f3 a convertirse en un b\u00e1lsamo. Sabi\u00e9ndose cerca, \u201centonces ah\u00ed, uno no perd\u00eda ni la calma, ni la fuerza, eso me daba mucha fuerza, saber que t\u00fa estabas ah\u00ed. Estamos aqu\u00ed, estamos acompa\u00f1ados, tenemos la raz\u00f3n, esta gente est\u00e1 abusando, pero llegar\u00e1n otros tiempos y llegaron\u201d, evoc\u00f3 Cilia Flores, durante el Episodio&nbsp;#1 : Cilia Flores \u00abLa Primera Combatiente\u00bb.<\/p>\n\n\n\n<p>El presidente Maduro refrend\u00f3 las palabras diciendo que, si llegaron otros tiempos, a\u00f1os de lucha, perseverancia, uni\u00f3n familiar y sucedi\u00f3 todo. \u201cLos caminos que nos toc\u00f3 andar y llegamos aqu\u00ed a esta trinchera de lucha, a esta responsabilidad tan importante\u201d, en la que \u201chemos compartido cada d\u00eda, desde los dolores de nuestro despedir a nuestro comandante Hugo Ch\u00e1vez, un golpe profundo que a\u00fan lo llevamos hasta los sacrificios, y todo lo que nos ha tocado llevar en estos diez a\u00f1os, empezando la Presidencia\u201d.<\/p>\n\n\n\n<p>Incluso, el presidente Maduro coment\u00f3 aspectos que han dado el viraje en la manera de hacer pol\u00edtica en un pa\u00eds como Venezuela, en donde en los tiempos de la Cuarta Rep\u00fablica a la esposa del presidente se le llamaba \u201cprimera dama\u201d, dos palabras que en la actualidad contrastan con las de \u201cPrimera Combatiente\u201d, responsabilidad que hoy est\u00e1 en manos de la tambi\u00e9n diputada a la Asamblea Nacional (AN).<\/p>\n\n\n\n<p>Mejor calificativo no se puede tener, porque \u201csi estamos en un combate por la Patria, entonces, Cilita es la Primera Combatiente\u201d, se\u00f1al\u00f3 el presidente Maduro, quien cuestion\u00f3 a Flores sobre sus vivencias, precisamente, como Primera Combatiente.<\/p>\n\n\n\n<p><em>\u201c\u00bfC\u00f3mo te sientes de Primera Combatiente?\u201d<\/em>, pregunt\u00f3.<\/p>\n\n\n\n<p>La pol\u00edtica que ha pateado la calle con Nicol\u00e1s desde hace muchos a\u00f1os, consider\u00f3 \u201cnovedoso y apropiado para el nuevo tiempo, para ese tiempo que est\u00e1bamos viviendo\u201d y que ha servido para dejar de ser \u201calguien lejano\u201d.<\/p>\n\n\n\n<p>\u201cEse concepto de primera combatiente peg\u00f3, se ve\u00eda algo m\u00e1s apropiado, porque estamos en combate, y no hemos dejado de estar en combate\u201d, dijo Flores.<\/p>\n\n\n\n<p>En segundo lugar, Maduro le pregunt\u00f3: <em>\u201c\u00bfCu\u00e1les son los principales retos que d\u00eda a d\u00eda vives como primera combatiente del pa\u00eds?<\/em><\/p>\n\n\n\n<p>\u201cPara estar a la par con un presidente que no descansa, que inventa, todos los d\u00edas inventa algo nuevo y uno tiene que estar al mismo ritmo; poder estar a ese ritmo y poder utilizar ese t\u00edtulo de primera combatiente para ayudar a tanta gente, creo que es lo m\u00e1s importante de los retos. As\u00ed como t\u00fa, diariamente, porque tambi\u00e9n me consta c\u00f3mo diariamente estas buscando la forma de qu\u00e9 m\u00e1s hacer por el pueblo, para ayudar, proteger\u201d, respondi\u00f3 la compa\u00f1era de luchas.<\/p>\n\n\n\n<p>Repas\u00f3 que una de sus grandes satisfacciones en estas tareas es poder ser testigo y parte de la resoluci\u00f3n de casos en favor de los ni\u00f1os, las ni\u00f1as, la educaci\u00f3n, la salud de la gente y familias necesitadas; temas que han encontrado una ventana m\u00e1s a trav\u00e9s del programa televisivo <em>Con Maduro +.<\/em><\/p>\n\n\n\n<p>\u201cTodo los d\u00edas se hace algo, gracias al programa hemos podido presentar parte de lo que se hace. La mayor satisfacci\u00f3n resolverles su problema. El gran reto y satisfacci\u00f3n es el poder hacer cosas por los dem\u00e1s, eso satisface\u201d, sostuvo la Primera Combatiente.<\/p>\n\n\n\n<p>En este primer Podcast, el Mandatario defini\u00f3 a su compa\u00f1era como una \u201cpermanente estratega\u201d, antes de hacerle otra pregunta: <em>\u201c\u00bfC\u00f3mo visualizas el futuro de los ni\u00f1os y las ni\u00f1as de Venezuela?<\/em><\/p>\n\n\n\n<p>\u201cLo veo como se est\u00e1 viendo desde el presente, estoy impresionada cuando escucho a los ni\u00f1os con la consciencia que tienen, desde la pandemia (por la Covid-19) para ac\u00e1, empezamos a ver c\u00f3mo los ni\u00f1os eran los que estaban pendiente de que se cumplieran las medidas sanitarias\u201d, exalt\u00f3, al sostener que \u201cen el futuro veo a esa juventud, a esos ni\u00f1os brillando como ya est\u00e1n brillando desde ahorita. Esa es la juventud de oro, que van creciendo con todo el apoyo que siempre van a recibir, lo m\u00e1s importante es que uno pueda seguir apoy\u00e1ndolos\u201d.<\/p>\n\n\n\n<p>Siguieron cuatro preguntas.<\/p>\n\n\n\n<p><em>\u201c\u00bfQue te gustar\u00eda ver en Venezuela que hayamos visto en el mundo?\u201d.<\/em><\/p>\n\n\n\n<p>\u201cVeo que, en ninguna parte del mundo, los opositores, que aqu\u00ed (en Venezuela) se constituyen en enemigos, en el mundo aman la patria y la defienden\u201d, y \u201cmucho menos van a buscar hacerle da\u00f1o a la patria, pidiendo sanciones para que se deprima un pueblo o saboteando un servicio b\u00e1sico con la electricidad y el agua. Yo quisiera que as\u00ed fuera en Venezuela, en donde todos los pensamientos, opiniones caben\u201d, as\u00ed como \u201cla defensa de la patria\u201d.<\/p>\n\n\n\n<p><em>\u201c\u00bfQu\u00e9 puedes presumir de Venezuela para el mundo?\u201d.<\/em><\/p>\n\n\n\n<p>\u201cPuedo presumir del pueblo que es alegre, que, en medio de problemas, la gente est\u00e1 echando un chiste. Es un pueblo heroico\u2026Su resistencia, y de eso uno presume y nos seguir\u00e1n admirando porque aqu\u00ed hay sentimiento patri\u00f3tico. \u00a1Somos un pueblo bien ch\u00e9vere!\u201d, destac\u00f3 Flores.<\/p>\n\n\n\n<p><em>\u201c\u00bfQu\u00e9 crees que hac\u00edamos bien y debemos retomar en Venezuela?\u201d.<\/em><\/p>\n\n\n\n<p>\u201cEl tema educaci\u00f3n, la ense\u00f1anza era buena, se ensenaba a los ni\u00f1os a escribir, la ortograf\u00eda, la caligraf\u00eda, lo que ha mermado con la tecnolog\u00eda. El pensamiento debemos mejorarlo m\u00e1s, a trav\u00e9s de la escritura\u201d.<\/p>\n\n\n\n<p><em>\u00bfQu\u00e9 te trae el 3 y el 5?<\/em><\/p>\n\n\n\n<p>Entre risas, Flores expres\u00f3: 3 de diciembre, cinco veces S\u00ed.<\/p>\n\n\n\n<p><strong>Prensa Presidencial \/ Ana\u00eds P\u00e9rez<\/strong><\/p>\n","protected":false},"excerpt":{"rendered":"<p>Palacio de Miraflores, Caracas. \u2013Dando cuenta de lo que es hacer pol\u00edtica con car\u00e1cter humanista, el presidente de la Rep\u00fablica Bolivariana de Venezuela, Nicol\u00e1s Maduro, estren\u00f3, junto a su primera invitada especial, la Primera Combatiente de la Rep\u00fablica, Cilia Flores, la edici\u00f3n \u201cMaduro Podcast\u201d, una serie epis\u00f3dica para \u201ccomunicarnos siempre sobre muchas cosas, para conversar, [&hellip;]<\/p>\n","protected":false},"author":4,"featured_media":10001,"comment_status":"open","ping_status":"open","sticky":false,"template":"","format":"standard","meta":{"footnotes":""},"categories":[18,7],"tags":[],"class_list":["post-10000","post","type-post","status-publish","format-standard","has-post-thumbnail","hentry","category-noticias-principales","category-notas-de-prensa"],"_links":{"self":[{"href":"https:\/\/prensapresidencialvenezuela.gob.ve\/index.php\/wp-json\/wp\/v2\/posts\/10000","targetHints":{"allow":["GET"]}}],"collection":[{"href":"https:\/\/prensapresidencialvenezuela.gob.ve\/index.php\/wp-json\/wp\/v2\/posts"}],"about":[{"href":"https:\/\/prensapresidencialvenezuela.gob.ve\/index.php\/wp-json\/wp\/v2\/types\/post"}],"author":[{"embeddable":true,"href":"https:\/\/prensapresidencialvenezuela.gob.ve\/index.php\/wp-json\/wp\/v2\/users\/4"}],"replies":[{"embeddable":true,"href":"https:\/\/prensapresidencialvenezuela.gob.ve\/index.php\/wp-json\/wp\/v2\/comments?post=10000"}],"version-history":[{"count":1,"href":"https:\/\/prensapresidencialvenezuela.gob.ve\/index.php\/wp-json\/wp\/v2\/posts\/10000\/revisions"}],"predecessor-version":[{"id":10002,"href":"https:\/\/prensapresidencialvenezuela.gob.ve\/index.php\/wp-json\/wp\/v2\/posts\/10000\/revisions\/10002"}],"wp:featuredmedia":[{"embeddable":true,"href":"https:\/\/prensapresidencialvenezuela.gob.ve\/index.php\/wp-json\/wp\/v2\/media\/10001"}],"wp:attachment":[{"href":"https:\/\/prensapresidencialvenezuela.gob.ve\/index.php\/wp-json\/wp\/v2\/media?parent=10000"}],"wp:term":[{"taxonomy":"category","embeddable":true,"href":"https:\/\/prensapresidencialvenezuela.gob.ve\/index.php\/wp-json\/wp\/v2\/categories?post=10000"},{"taxonomy":"post_tag","embeddable":true,"href":"https:\/\/prensapresidencialvenezuela.gob.ve\/index.php\/wp-json\/wp\/v2\/tags?post=10000"}],"curies":[{"name":"wp","href":"https:\/\/api.w.org\/{rel}","templated":true}]}}