{"id":10021,"date":"2023-12-02T11:42:00","date_gmt":"2023-12-02T15:42:00","guid":{"rendered":"http:\/\/172.27.0.121\/?p=10021"},"modified":"2024-04-23T11:45:35","modified_gmt":"2024-04-23T15:45:35","slug":"habra-justicia-en-controversia-sobre-el-territorio-esequibo-afirmo-presidente-maduro","status":"publish","type":"post","link":"https:\/\/prensapresidencialvenezuela.gob.ve\/index.php\/2023\/12\/02\/habra-justicia-en-controversia-sobre-el-territorio-esequibo-afirmo-presidente-maduro\/","title":{"rendered":"Habr\u00e1 justicia en controversia sobre el territorio Esequibo, afirm\u00f3 presidente Maduro"},"content":{"rendered":"\n<p><strong>Plaza Bol\u00edvar de Caracas, Distrito Capital.-<\/strong> Al referirse a la controversia sobre el territorio Esequibo, el presidente de la Rep\u00fablica Bolivariana de Venezuela, Nicol\u00e1s Maduro Moros, asever\u00f3 que \u201chabr\u00e1 justicia si hay una voz unida del pueblo de Venezuela en las pr\u00f3ximas horas\u201d.<\/p>\n\n\n\n<p>En ese sentido, destac\u00f3 que el pueblo venezolano \u201cha hecho historia en el firmamento de esta Am\u00e9rica y esta llamado hacer historia grande en las d\u00e9cadas por venir\u201d.<\/p>\n\n\n\n<p>Desde la plaza Bol\u00edvar de la ciudad de Caracas, donde particip\u00f3 en un Encuentro Interreligioso y Oraci\u00f3n Ecum\u00e9nica, el Presidente subray\u00f3 que Venezuela tiene el deber Patrio de \u201cbuscar la justicia frente al despojo que nos hicieron de la Guayana Esequiba\u201d.<\/p>\n\n\n\n<p>\u201cEn esta plaza se declar\u00f3 la independencia absoluta y el nacimiento de la Rep\u00fablica, en esta plaza se iz\u00f3 por primera vez la bandera de Miranda, la bandera de Venezuela \u2013y desde- este lugar sagrado (\u2026) quisimos encomendarnos, en esta oraci\u00f3n religiosa ecum\u00e9nica, y pedir las bendiciones del creador, que llenen de luz y brillo al pueblo sagrado de Venezuela\u201d, expres\u00f3.<\/p>\n\n\n\n<p>A pocas horas de celebrarse el refer\u00e9ndum consultivo sobre la Guayana Esequiba, el presidente Maduro celebr\u00f3 la uni\u00f3n nacional, en la diversidad y la tolerancia, que ha surgido en torno a la batalla por un territorio que indudablemente es de Venezuela.<\/p>\n\n\n\n<p>\u201cCon la fe, la esperanza y la convicci\u00f3n de un mundo mejor (\u2026) vamos llenos de optimismo\u201d, concluy\u00f3 el Dignatario.<\/p>\n\n\n\n<p><strong>Prensa Presidencial\/Bianca Borrero&nbsp;<\/strong><\/p>\n","protected":false},"excerpt":{"rendered":"<p>Plaza Bol\u00edvar de Caracas, Distrito Capital.- Al referirse a la controversia sobre el territorio Esequibo, el presidente de la Rep\u00fablica Bolivariana de Venezuela, Nicol\u00e1s Maduro Moros, asever\u00f3 que \u201chabr\u00e1 justicia si hay una voz unida del pueblo de Venezuela en las pr\u00f3ximas horas\u201d. En ese sentido, destac\u00f3 que el pueblo venezolano \u201cha hecho historia en [&hellip;]<\/p>\n","protected":false},"author":4,"featured_media":10022,"comment_status":"open","ping_status":"open","sticky":false,"template":"","format":"standard","meta":{"footnotes":""},"categories":[18,7],"tags":[],"class_list":["post-10021","post","type-post","status-publish","format-standard","has-post-thumbnail","hentry","category-noticias-principales","category-notas-de-prensa"],"_links":{"self":[{"href":"https:\/\/prensapresidencialvenezuela.gob.ve\/index.php\/wp-json\/wp\/v2\/posts\/10021","targetHints":{"allow":["GET"]}}],"collection":[{"href":"https:\/\/prensapresidencialvenezuela.gob.ve\/index.php\/wp-json\/wp\/v2\/posts"}],"about":[{"href":"https:\/\/prensapresidencialvenezuela.gob.ve\/index.php\/wp-json\/wp\/v2\/types\/post"}],"author":[{"embeddable":true,"href":"https:\/\/prensapresidencialvenezuela.gob.ve\/index.php\/wp-json\/wp\/v2\/users\/4"}],"replies":[{"embeddable":true,"href":"https:\/\/prensapresidencialvenezuela.gob.ve\/index.php\/wp-json\/wp\/v2\/comments?post=10021"}],"version-history":[{"count":1,"href":"https:\/\/prensapresidencialvenezuela.gob.ve\/index.php\/wp-json\/wp\/v2\/posts\/10021\/revisions"}],"predecessor-version":[{"id":10023,"href":"https:\/\/prensapresidencialvenezuela.gob.ve\/index.php\/wp-json\/wp\/v2\/posts\/10021\/revisions\/10023"}],"wp:featuredmedia":[{"embeddable":true,"href":"https:\/\/prensapresidencialvenezuela.gob.ve\/index.php\/wp-json\/wp\/v2\/media\/10022"}],"wp:attachment":[{"href":"https:\/\/prensapresidencialvenezuela.gob.ve\/index.php\/wp-json\/wp\/v2\/media?parent=10021"}],"wp:term":[{"taxonomy":"category","embeddable":true,"href":"https:\/\/prensapresidencialvenezuela.gob.ve\/index.php\/wp-json\/wp\/v2\/categories?post=10021"},{"taxonomy":"post_tag","embeddable":true,"href":"https:\/\/prensapresidencialvenezuela.gob.ve\/index.php\/wp-json\/wp\/v2\/tags?post=10021"}],"curies":[{"name":"wp","href":"https:\/\/api.w.org\/{rel}","templated":true}]}}