{"id":10024,"date":"2023-12-02T11:45:00","date_gmt":"2023-12-02T15:45:00","guid":{"rendered":"http:\/\/172.27.0.121\/?p=10024"},"modified":"2024-04-23T12:06:50","modified_gmt":"2024-04-23T16:06:50","slug":"presidente-maduro-celebra-union-nacional-surgida-en-torno-a-la-defensa-del-esequibo","status":"publish","type":"post","link":"https:\/\/prensapresidencialvenezuela.gob.ve\/index.php\/2023\/12\/02\/presidente-maduro-celebra-union-nacional-surgida-en-torno-a-la-defensa-del-esequibo\/","title":{"rendered":"Presidente Maduro celebra uni\u00f3n nacional surgida en torno a la defensa del Esequibo"},"content":{"rendered":"\n<p><strong>Plaza Bol\u00edvar de Caracas, Distrito Capital.-<\/strong> El presidente de la Rep\u00fablica Bolivariana de Venezuela, Nicol\u00e1s Maduro Moros, celebr\u00f3 la uni\u00f3n nacional, en la diversidad y tolerancia, que ha surgido en torno a la batalla por la defensa del territorio Esequibo.<\/p>\n\n\n\n<p>\u201cVenezuela se ha crecido como pueblo y hemos ido recompensando, con la fuerza de Dios en cada batalla, las situaciones dif\u00edciles que nos han tocado vivir (\u2026) se ha producido un despertar del orgullo de ser venezolano\u201d, destac\u00f3 el Dignatario.<\/p>\n\n\n\n<p>Ante los momentos dif\u00edciles, duros y dolorosos que vive el mundo frente a los conflictos b\u00e9licos y el cambio clim\u00e1tico, \u201cVenezuela est\u00e1 en paz y seguir\u00e1 en paz\u201d, enfatiz\u00f3 el presidente Maduro, a pocas horas de llevarse a cabo el refer\u00e9ndum consultivo sobre la Guayana Esequiba.<\/p>\n\n\n\n<p>Desde la plaza Bol\u00edvar de la ciudad de Caracas, donde particip\u00f3 en un Encuentro Interreligioso y Oraci\u00f3n Ecum\u00e9nica expres\u00f3 que \u201choy m\u00e1s que nunca vibra en el coraz\u00f3n el orgullo y la pasi\u00f3n por Venezuela (\u2026) Esta batalla ha sido y debe ser sanadora, integradora\u201d.<\/p>\n\n\n\n<p>\u201cTodos somos necesarios, todas las partes del cuerpo de la Venezuela del Siglo XXI somos necesarios \u2013afirm\u00f3- con la fuerza espiritual de un pueblo construyamos algo grande, algo superior, lo que Bol\u00edvar llam\u00f3 `el alma nacional`, que es la base poderosa de la identidad, de la nueva venezolanidad, de la Venezuela Toda\u201d.<\/p>\n\n\n\n<p>El Jefe de Estado elev\u00f3 sus oraciones al Dios todopoderoso para que con su bendici\u00f3n acompa\u00f1e \u201cla batalla electoral de este domingo \u2013y que- sea de luz,&nbsp; de paz para nuestra tierra y nuestro pueblo\u201d.<\/p>\n\n\n\n<p><strong>Prensa Presidencial \/ Bianca Borrero<\/strong><\/p>\n","protected":false},"excerpt":{"rendered":"<p>Plaza Bol\u00edvar de Caracas, Distrito Capital.- El presidente de la Rep\u00fablica Bolivariana de Venezuela, Nicol\u00e1s Maduro Moros, celebr\u00f3 la uni\u00f3n nacional, en la diversidad y tolerancia, que ha surgido en torno a la batalla por la defensa del territorio Esequibo. \u201cVenezuela se ha crecido como pueblo y hemos ido recompensando, con la fuerza de Dios [&hellip;]<\/p>\n","protected":false},"author":4,"featured_media":10025,"comment_status":"open","ping_status":"open","sticky":false,"template":"","format":"standard","meta":{"footnotes":""},"categories":[18,7],"tags":[],"class_list":["post-10024","post","type-post","status-publish","format-standard","has-post-thumbnail","hentry","category-noticias-principales","category-notas-de-prensa"],"_links":{"self":[{"href":"https:\/\/prensapresidencialvenezuela.gob.ve\/index.php\/wp-json\/wp\/v2\/posts\/10024","targetHints":{"allow":["GET"]}}],"collection":[{"href":"https:\/\/prensapresidencialvenezuela.gob.ve\/index.php\/wp-json\/wp\/v2\/posts"}],"about":[{"href":"https:\/\/prensapresidencialvenezuela.gob.ve\/index.php\/wp-json\/wp\/v2\/types\/post"}],"author":[{"embeddable":true,"href":"https:\/\/prensapresidencialvenezuela.gob.ve\/index.php\/wp-json\/wp\/v2\/users\/4"}],"replies":[{"embeddable":true,"href":"https:\/\/prensapresidencialvenezuela.gob.ve\/index.php\/wp-json\/wp\/v2\/comments?post=10024"}],"version-history":[{"count":1,"href":"https:\/\/prensapresidencialvenezuela.gob.ve\/index.php\/wp-json\/wp\/v2\/posts\/10024\/revisions"}],"predecessor-version":[{"id":10026,"href":"https:\/\/prensapresidencialvenezuela.gob.ve\/index.php\/wp-json\/wp\/v2\/posts\/10024\/revisions\/10026"}],"wp:featuredmedia":[{"embeddable":true,"href":"https:\/\/prensapresidencialvenezuela.gob.ve\/index.php\/wp-json\/wp\/v2\/media\/10025"}],"wp:attachment":[{"href":"https:\/\/prensapresidencialvenezuela.gob.ve\/index.php\/wp-json\/wp\/v2\/media?parent=10024"}],"wp:term":[{"taxonomy":"category","embeddable":true,"href":"https:\/\/prensapresidencialvenezuela.gob.ve\/index.php\/wp-json\/wp\/v2\/categories?post=10024"},{"taxonomy":"post_tag","embeddable":true,"href":"https:\/\/prensapresidencialvenezuela.gob.ve\/index.php\/wp-json\/wp\/v2\/tags?post=10024"}],"curies":[{"name":"wp","href":"https:\/\/api.w.org\/{rel}","templated":true}]}}