{"id":10033,"date":"2023-12-03T12:09:00","date_gmt":"2023-12-03T16:09:00","guid":{"rendered":"http:\/\/172.27.0.121\/?p=10033"},"modified":"2024-04-23T12:10:48","modified_gmt":"2024-04-23T16:10:48","slug":"venezuela-reafirma-este-3-d-su-posicion-historica-en-defensa-del-esequibo","status":"publish","type":"post","link":"https:\/\/prensapresidencialvenezuela.gob.ve\/index.php\/2023\/12\/03\/venezuela-reafirma-este-3-d-su-posicion-historica-en-defensa-del-esequibo\/","title":{"rendered":"Venezuela reafirma este 3-D su posici\u00f3n hist\u00f3rica en defensa del Esequibo"},"content":{"rendered":"\n<p><strong>Fuerte Tiuna, Caracas.- <\/strong>Al t\u00e9rmino de su ejercicio de votaci\u00f3n en la Escuela Ecol\u00f3gica Nacional Bolivariana \u201cSim\u00f3n Rodr\u00edguez\u201d, ubicada en Fuerte Tiuna, el presidente de la Rep\u00fablica, Nicol\u00e1s Maduro, enfatiz\u00f3 que el pueblo decide este domingo su posici\u00f3n hist\u00f3rica en defensa de los derechos soberanos de Venezuela sobre la Guayana Esequiba.<\/p>\n\n\n\n<p>\u201cEs primera vez -en 150 a\u00f1os de lucha por la Guayana Esequiba- que se abren las puertas de los centros electorales para consultar la opini\u00f3n absoluta del due\u00f1o de la soberan\u00eda \u00bfQui\u00e9n? El hombre de a pie, la mujer de a pie. Hoy todos tenemos el mismo poder de soberan\u00eda nacional\u201d, afirm\u00f3.<\/p>\n\n\n\n<p>En compa\u00f1\u00eda de la primera combatiente y diputada de la Asamblea Nacional, Cilia Flores, detall\u00f3 que no existen referencias en Am\u00e9rica Latina o el Caribe sobre un proceso de las caracter\u00edsticas del refer\u00e9ndum consultivo, considerando que el tema que se consulta est\u00e1 vinculado con la soberan\u00eda y la integridad territorial de Venezuela.<\/p>\n\n\n\n<p>\u201cEs un proceso \u2013con el sistema electoral venezolano- seguro, garantizado, confiable, adem\u00e1s muy sencillo, muy f\u00e1cil, donde nuestro pa\u00eds est\u00e1 decidiendo una posici\u00f3n hist\u00f3rica. Yo no s\u00e9 si habr\u00e1 otro pa\u00eds del mundo que haya consultado un tema de la importancia que se est\u00e1 consultando en Venezuela y lo haya entregado en las manos del hombre y la mujer de a pie\u201d, puntualiz\u00f3.<\/p>\n\n\n\n<p>Por otro lado, al referir el proceso de votaci\u00f3n, el Jefe de Estado manifest\u00f3 sentirse complacido por \u201chaber sido el primer votante del centro electoral\u201d, al tiempo que describi\u00f3 el momento como una expresi\u00f3n de \u201camor muy profundo\u201d por el pa\u00eds que lo vio nacer.<\/p>\n\n\n\n<p>\u201cYo he votado con un amor muy profundo, una emoci\u00f3n muy especial y cada uno de ustedes lo van a sentir. Si quieres sentir la emoci\u00f3n de amar a tu pa\u00eds, ven a votar\u201d, recalc\u00f3.<\/p>\n\n\n\n<p><strong>Prensa Presidencial \/ Karelis Gonz\u00e1lez<\/strong><\/p>\n","protected":false},"excerpt":{"rendered":"<p>Fuerte Tiuna, Caracas.- Al t\u00e9rmino de su ejercicio de votaci\u00f3n en la Escuela Ecol\u00f3gica Nacional Bolivariana \u201cSim\u00f3n Rodr\u00edguez\u201d, ubicada en Fuerte Tiuna, el presidente de la Rep\u00fablica, Nicol\u00e1s Maduro, enfatiz\u00f3 que el pueblo decide este domingo su posici\u00f3n hist\u00f3rica en defensa de los derechos soberanos de Venezuela sobre la Guayana Esequiba. \u201cEs primera vez -en [&hellip;]<\/p>\n","protected":false},"author":4,"featured_media":10034,"comment_status":"open","ping_status":"open","sticky":false,"template":"","format":"standard","meta":{"footnotes":""},"categories":[18,7],"tags":[],"class_list":["post-10033","post","type-post","status-publish","format-standard","has-post-thumbnail","hentry","category-noticias-principales","category-notas-de-prensa"],"_links":{"self":[{"href":"https:\/\/prensapresidencialvenezuela.gob.ve\/index.php\/wp-json\/wp\/v2\/posts\/10033","targetHints":{"allow":["GET"]}}],"collection":[{"href":"https:\/\/prensapresidencialvenezuela.gob.ve\/index.php\/wp-json\/wp\/v2\/posts"}],"about":[{"href":"https:\/\/prensapresidencialvenezuela.gob.ve\/index.php\/wp-json\/wp\/v2\/types\/post"}],"author":[{"embeddable":true,"href":"https:\/\/prensapresidencialvenezuela.gob.ve\/index.php\/wp-json\/wp\/v2\/users\/4"}],"replies":[{"embeddable":true,"href":"https:\/\/prensapresidencialvenezuela.gob.ve\/index.php\/wp-json\/wp\/v2\/comments?post=10033"}],"version-history":[{"count":1,"href":"https:\/\/prensapresidencialvenezuela.gob.ve\/index.php\/wp-json\/wp\/v2\/posts\/10033\/revisions"}],"predecessor-version":[{"id":10035,"href":"https:\/\/prensapresidencialvenezuela.gob.ve\/index.php\/wp-json\/wp\/v2\/posts\/10033\/revisions\/10035"}],"wp:featuredmedia":[{"embeddable":true,"href":"https:\/\/prensapresidencialvenezuela.gob.ve\/index.php\/wp-json\/wp\/v2\/media\/10034"}],"wp:attachment":[{"href":"https:\/\/prensapresidencialvenezuela.gob.ve\/index.php\/wp-json\/wp\/v2\/media?parent=10033"}],"wp:term":[{"taxonomy":"category","embeddable":true,"href":"https:\/\/prensapresidencialvenezuela.gob.ve\/index.php\/wp-json\/wp\/v2\/categories?post=10033"},{"taxonomy":"post_tag","embeddable":true,"href":"https:\/\/prensapresidencialvenezuela.gob.ve\/index.php\/wp-json\/wp\/v2\/tags?post=10033"}],"curies":[{"name":"wp","href":"https:\/\/api.w.org\/{rel}","templated":true}]}}