{"id":1004,"date":"2022-01-27T17:28:00","date_gmt":"2022-01-27T17:28:00","guid":{"rendered":"http:\/\/172.27.0.121\/?p=1004"},"modified":"2022-06-01T17:31:45","modified_gmt":"2022-06-01T17:31:45","slug":"venezuela-tiene-el-mas-poderoso-poder-judicial-de-la-historia","status":"publish","type":"post","link":"https:\/\/prensapresidencialvenezuela.gob.ve\/index.php\/2022\/01\/27\/venezuela-tiene-el-mas-poderoso-poder-judicial-de-la-historia\/","title":{"rendered":"Venezuela tiene el m\u00e1s poderoso Poder Judicial de la historia"},"content":{"rendered":"\n<p><strong>Tribunal Supremo de Justicia, Caracas.-<\/strong> \u201cVenezuela hoy tiene el m\u00e1s poderoso Poder Judicial que jam\u00e1s haya habido en la historia republicana del pa\u00eds. Un Poder Judicial por toda la l\u00ednea, bien constituido, estructurado\u201d, as\u00ed lo afirm\u00f3 el presidente de la Rep\u00fablica Bolivariana de Venezuela, Nicol\u00e1s Maduro, durante la sesi\u00f3n solemne de Apertura de Actividades Judiciales del A\u00f1o 2022 y presentaci\u00f3n del informe correspondiente al a\u00f1o 2021.<\/p>\n\n\n\n<p>Desde la Plaza Central del Tribunal Supremo de Justicia (TSJ), en Caracas, el Mandatario nacional destac\u00f3 la capacidad de resistencia e innovaci\u00f3n que ha tenido el pueblo venezolano para enfrentar las coyunturas y conspiraciones extranjeras.<\/p>\n\n\n\n<p>\u201cEste a\u00f1o, la Patria est\u00e1 venciendo, la Patria est\u00e1 en paz, de pie y m\u00e1s unida que nunca. Han sido a\u00f1os de agresiones contra la institucionalidad republicana de Venezuela, de acciones extremistas contra la Naci\u00f3n y logramos construir la estabilidad pol\u00edtica y la paz social\u201d, sentenci\u00f3.<\/p>\n\n\n\n<p>En este sentido, se\u00f1al\u00f3 que las campa\u00f1as de <em>fake news<\/em> e intentos de invasi\u00f3n buscan crear p\u00e1nico en las instituciones del pa\u00eds \u201cporque van dirigidos al esp\u00edritu y la moral para destruir la voluntad nacional y la capacidad pol\u00edtica del Estado, para dividirnos y buscar que todo y un pa\u00eds se rindiera a la extrema derecha y al imperialismo norteamericano\u201d.<\/p>\n\n\n\n<p>Resalt\u00f3 que el a\u00f1o 2021 fue un a\u00f1o de muchos aprendizajes en tiempo real \u201cy si cada quien ocupa el territorio que le corresponde y cumple con su juramento de Patria, entonces podemos decir que un pa\u00eds es capaz de defenderse como lo ha hecho Venezuela\u201d.<\/p>\n\n\n\n<p>Finalmente, el Jefe de Estado destac\u00f3 la fortaleza institucional de Venezuela, al tiempo que inst\u00f3 a las instituciones a dar respuestas \u201cen tiempo real, para obtener conclusiones de cada proceso, de cada batalla que damos\u201d.<\/p>\n\n\n\n<p><strong>Prensa Presidencial\/Joelin Jim\u00e9nez<\/strong><\/p>\n","protected":false},"excerpt":{"rendered":"<p>Tribunal Supremo de Justicia, Caracas.- \u201cVenezuela hoy tiene el m\u00e1s poderoso Poder Judicial que jam\u00e1s haya habido en la historia republicana del pa\u00eds. Un Poder Judicial por toda la l\u00ednea, bien constituido, estructurado\u201d, as\u00ed lo afirm\u00f3 el presidente de la Rep\u00fablica Bolivariana de Venezuela, Nicol\u00e1s Maduro, durante la sesi\u00f3n solemne de Apertura de Actividades Judiciales [&hellip;]<\/p>\n","protected":false},"author":6,"featured_media":1005,"comment_status":"open","ping_status":"open","sticky":false,"template":"","format":"standard","meta":{"footnotes":""},"categories":[7],"tags":[],"class_list":["post-1004","post","type-post","status-publish","format-standard","has-post-thumbnail","hentry","category-notas-de-prensa"],"_links":{"self":[{"href":"https:\/\/prensapresidencialvenezuela.gob.ve\/index.php\/wp-json\/wp\/v2\/posts\/1004","targetHints":{"allow":["GET"]}}],"collection":[{"href":"https:\/\/prensapresidencialvenezuela.gob.ve\/index.php\/wp-json\/wp\/v2\/posts"}],"about":[{"href":"https:\/\/prensapresidencialvenezuela.gob.ve\/index.php\/wp-json\/wp\/v2\/types\/post"}],"author":[{"embeddable":true,"href":"https:\/\/prensapresidencialvenezuela.gob.ve\/index.php\/wp-json\/wp\/v2\/users\/6"}],"replies":[{"embeddable":true,"href":"https:\/\/prensapresidencialvenezuela.gob.ve\/index.php\/wp-json\/wp\/v2\/comments?post=1004"}],"version-history":[{"count":2,"href":"https:\/\/prensapresidencialvenezuela.gob.ve\/index.php\/wp-json\/wp\/v2\/posts\/1004\/revisions"}],"predecessor-version":[{"id":1007,"href":"https:\/\/prensapresidencialvenezuela.gob.ve\/index.php\/wp-json\/wp\/v2\/posts\/1004\/revisions\/1007"}],"wp:featuredmedia":[{"embeddable":true,"href":"https:\/\/prensapresidencialvenezuela.gob.ve\/index.php\/wp-json\/wp\/v2\/media\/1005"}],"wp:attachment":[{"href":"https:\/\/prensapresidencialvenezuela.gob.ve\/index.php\/wp-json\/wp\/v2\/media?parent=1004"}],"wp:term":[{"taxonomy":"category","embeddable":true,"href":"https:\/\/prensapresidencialvenezuela.gob.ve\/index.php\/wp-json\/wp\/v2\/categories?post=1004"},{"taxonomy":"post_tag","embeddable":true,"href":"https:\/\/prensapresidencialvenezuela.gob.ve\/index.php\/wp-json\/wp\/v2\/tags?post=1004"}],"curies":[{"name":"wp","href":"https:\/\/api.w.org\/{rel}","templated":true}]}}