{"id":10048,"date":"2023-12-03T12:19:00","date_gmt":"2023-12-03T16:19:00","guid":{"rendered":"http:\/\/172.27.0.121\/?p=10048"},"modified":"2024-04-23T12:22:09","modified_gmt":"2024-04-23T16:22:09","slug":"presidente-llama-a-que-se-escuche-la-voz-de-venezuela-unida-y-con-mucha-fuerza","status":"publish","type":"post","link":"https:\/\/prensapresidencialvenezuela.gob.ve\/index.php\/2023\/12\/03\/presidente-llama-a-que-se-escuche-la-voz-de-venezuela-unida-y-con-mucha-fuerza\/","title":{"rendered":"Presidente llama a que se escuche la voz de Venezuela unida y con mucha fuerza"},"content":{"rendered":"\n<p><strong>Fuerte Tiuna, Caracas.- <\/strong>A salir masivamente a votar en unidad familiar, llam\u00f3 en la tarde de este domingo el presidente de la Rep\u00fablica Bolivariana de Venezuela, Nicol\u00e1s Maduro, en un contacto telef\u00f3nico transmitido por el Canal del Estado, Venezolana de Televisi\u00f3n, como parte de la jornada vespertina de este d\u00eda de votaci\u00f3n por la defensa de la Guayana Esequiba.<\/p>\n\n\n\n<p>\u201cAs\u00ed que bueno, vamos todos a organizarnos bien para en lo que queda de tarde y parte de la nochecita, salir en familia masivamente a votar con consciencia, con amor a la Patria, en uni\u00f3n nacional, en unidad familiar\u201d, enfatiz\u00f3 el Mandatario venezolano.<\/p>\n\n\n\n<p>El Dignatario indic\u00f3 que las herramientas para que as\u00ed sea se encuentran dispuestas, al comentar que \u201cah\u00ed est\u00e1 el 5\u00d75\u201d, por lo que dirigi\u00f3 un llamado a todos y a todas.<\/p>\n\n\n\n<p>\u201cMi llamado a todos los l\u00edderes y lideresas de los CLAP (Comit\u00e9s Locales de Abastecimiento y Producci\u00f3n), es f\u00e1cil, jefes de calle, comunidad, UBCh (Unidades de Batalla Bol\u00edvar Ch\u00e1vez, toda la gran Milicia Nacional Bolivariana, familia miliciana, mi llamado al Congreso de la Nueva \u00c9poca, todos los Movimientos Sociales, al Gran Polo Patri\u00f3tico, a todos y a todas, \u00a1activad\u00edsimos!\u201d, subray\u00f3.<\/p>\n\n\n\n<p>En esa l\u00ednea, el presidente Maduro tambi\u00e9n convoc\u00f3 a los Consejos Comunales, voceros y voceras, \u201ca todos, y al pueblo, al hombre de a pie, a la mujer de a pie, a ti, a la juventud, vamos entonces\u201d, para que se escuche la voz de Venezuela unida y con mucha fuerza.<\/p>\n\n\n\n<p>\u201cLa Guayana Esequiba es Venezuela, el Esequibo es nuestro. Vamos pues, a cumplir con la Patria. Es una oportunidad de oro, lleg\u00f3 la hora, lleg\u00f3 el d\u00eda. Adelante\u201d, puntualiz\u00f3 el Jefe de Estado venezolano.<\/p>\n\n\n\n<p>Ratific\u00f3 su emoci\u00f3n tras haber sido el primer votante de su centro de votaci\u00f3n, la Escuela Ecol\u00f3gica Nacional Bolivariana \u00abSim\u00f3n Rodr\u00edguez\u00bb, ubicado en Caracas, a las seis en punto de la ma\u00f1ana.<\/p>\n\n\n\n<p>\u201cEstuve tempranito acompa\u00f1ado por Cilia (Flores), equipo de trabajo y verdaderamente, es una emoci\u00f3n muy grande lo que se siente votar por la Patria, votar por la unidad nacional, por la integridad territorial, por lo que nos legaron los libertadores\u201d, recalc\u00f3 el l\u00edder bolivariano.<\/p>\n\n\n\n<p><strong>Prensa Presidencial \/ Ana\u00eds P\u00e9rez<\/strong><\/p>\n","protected":false},"excerpt":{"rendered":"<p>Fuerte Tiuna, Caracas.- A salir masivamente a votar en unidad familiar, llam\u00f3 en la tarde de este domingo el presidente de la Rep\u00fablica Bolivariana de Venezuela, Nicol\u00e1s Maduro, en un contacto telef\u00f3nico transmitido por el Canal del Estado, Venezolana de Televisi\u00f3n, como parte de la jornada vespertina de este d\u00eda de votaci\u00f3n por la defensa [&hellip;]<\/p>\n","protected":false},"author":4,"featured_media":10049,"comment_status":"open","ping_status":"open","sticky":false,"template":"","format":"standard","meta":{"footnotes":""},"categories":[18,7],"tags":[],"class_list":["post-10048","post","type-post","status-publish","format-standard","has-post-thumbnail","hentry","category-noticias-principales","category-notas-de-prensa"],"_links":{"self":[{"href":"https:\/\/prensapresidencialvenezuela.gob.ve\/index.php\/wp-json\/wp\/v2\/posts\/10048","targetHints":{"allow":["GET"]}}],"collection":[{"href":"https:\/\/prensapresidencialvenezuela.gob.ve\/index.php\/wp-json\/wp\/v2\/posts"}],"about":[{"href":"https:\/\/prensapresidencialvenezuela.gob.ve\/index.php\/wp-json\/wp\/v2\/types\/post"}],"author":[{"embeddable":true,"href":"https:\/\/prensapresidencialvenezuela.gob.ve\/index.php\/wp-json\/wp\/v2\/users\/4"}],"replies":[{"embeddable":true,"href":"https:\/\/prensapresidencialvenezuela.gob.ve\/index.php\/wp-json\/wp\/v2\/comments?post=10048"}],"version-history":[{"count":1,"href":"https:\/\/prensapresidencialvenezuela.gob.ve\/index.php\/wp-json\/wp\/v2\/posts\/10048\/revisions"}],"predecessor-version":[{"id":10050,"href":"https:\/\/prensapresidencialvenezuela.gob.ve\/index.php\/wp-json\/wp\/v2\/posts\/10048\/revisions\/10050"}],"wp:featuredmedia":[{"embeddable":true,"href":"https:\/\/prensapresidencialvenezuela.gob.ve\/index.php\/wp-json\/wp\/v2\/media\/10049"}],"wp:attachment":[{"href":"https:\/\/prensapresidencialvenezuela.gob.ve\/index.php\/wp-json\/wp\/v2\/media?parent=10048"}],"wp:term":[{"taxonomy":"category","embeddable":true,"href":"https:\/\/prensapresidencialvenezuela.gob.ve\/index.php\/wp-json\/wp\/v2\/categories?post=10048"},{"taxonomy":"post_tag","embeddable":true,"href":"https:\/\/prensapresidencialvenezuela.gob.ve\/index.php\/wp-json\/wp\/v2\/tags?post=10048"}],"curies":[{"name":"wp","href":"https:\/\/api.w.org\/{rel}","templated":true}]}}