{"id":10051,"date":"2023-12-03T12:22:00","date_gmt":"2023-12-03T16:22:00","guid":{"rendered":"http:\/\/172.27.0.121\/?p=10051"},"modified":"2024-04-23T12:24:11","modified_gmt":"2024-04-23T16:24:11","slug":"maduro-la-victoria-en-el-referendum-consultivo-le-pertenece-a-todo-el-pueblo-venezolano","status":"publish","type":"post","link":"https:\/\/prensapresidencialvenezuela.gob.ve\/index.php\/2023\/12\/03\/maduro-la-victoria-en-el-referendum-consultivo-le-pertenece-a-todo-el-pueblo-venezolano\/","title":{"rendered":"Maduro: La victoria en el refer\u00e9ndum consultivo le pertenece a todo el pueblo venezolano"},"content":{"rendered":"\n<p><strong>Plaza Bol\u00edvar, Caracas.- <\/strong>Al conocerse el abrumador triunfo del S\u00ed en el refer\u00e9ndum consultivo en defensa de los derechos hist\u00f3ricos de Venezuela sobre la Guayana Esequiba, el presidente de la Rep\u00fablica, Nicol\u00e1s Maduro, asever\u00f3 que \u201cel pueblo ha hablado alto y claro: esta victoria le pertenece a todo el pueblo de Venezuela sin discriminaci\u00f3n, ni partidismo\u201d.<\/p>\n\n\n\n<p>Desde la Plaza Bol\u00edvar, acompa\u00f1ado del Poder Popular que sali\u00f3 a las calles a celebrar el triunfo del S\u00ed, puntualiz\u00f3 que la consulta popular \u201cha puesto de pie a Venezuela\u201d, siendo adem\u00e1s un ejemplo concreto del nivel de preparaci\u00f3n y conciencia patri\u00f3tica de los venezolanos respecto a un tema tan complejo como la controversia territorial por el Esequibo.<\/p>\n\n\n\n<p>\u201cHa sido un \u00e9xito total de la democracia. Una victoria abrumadora en toda Venezuela de cada pregunta con un nivel muy importante de participaci\u00f3n del pueblo. Gan\u00f3 Venezuela\u201d, afirm\u00f3.<\/p>\n\n\n\n<p>Al recalcar \u201c\u00a1Qu\u00e9 viva la victoria del pueblo venezolano!\u201d, el jefe de Estado se\u00f1al\u00f3 que el refer\u00e9ndum consultivo constituye el primer paso de la nueva etapa hist\u00f3rica \u201cpara luchar por lo nuestro, para lograr recuperar lo que nos dejaron los libertadores: el territorio de la Guayana Esequiba\u201d.<\/p>\n\n\n\n<p>Enfatiz\u00f3 que los primeros pasos de la uni\u00f3n nacional, surgida al fragor de la defensa de la soberan\u00eda y la integridad territorial, est\u00e1n vinculados con \u201cunir todo lo que se pueda unir por la Patria, por el futuro de Venezuela\u201d<\/p>\n\n\n\n<p>\u201cUnir todo lo que deba ser unido para luchar por el Esequibo, para luchar por la paz\u201d, subray\u00f3.<\/p>\n\n\n\n<p>El primer bolet\u00edn del Consejo Nacional Electoral (CNE), presentado pasadas las 10:00 de la noche, evidencia la contundente victoria del S\u00ed al registrarse 10 millones 554 mil 320 votantes, cifra sujeta a cambios a ra\u00edz de la pr\u00f3rroga del proceso electoral.<\/p>\n\n\n\n<p>A continuaci\u00f3n, los resultados detallados de las cinco preguntas del refer\u00e9ndum consultivo:<\/p>\n\n\n\n<p>1.- \u00bfEst\u00e1 usted de acuerdo en rechazar por todos los medios, conforme al Derecho, la l\u00ednea impuesta fraudulentamente por el Laudo Arbitral de Par\u00eds de 1899, que pretende despojarnos de nuestra Guayana Esequiba?<\/p>\n\n\n\n<p>S\u00ed 97,83%<\/p>\n\n\n\n<p>No 2,17%<\/p>\n\n\n\n<p>2.- Apoya usted el Acuerdo de Ginebra de 1966 como el \u00fanico instrumento jur\u00eddico v\u00e1lido para alcanzar una soluci\u00f3n pr\u00e1ctica y satisfactoria para Venezuela y Guyana, en torno a la controversia sobre el territorio de la Guayana Esequiba?<\/p>\n\n\n\n<p>S\u00ed 98,11%<\/p>\n\n\n\n<p>No1.8%<\/p>\n\n\n\n<p>3.- Apoya usted el Acuerdo de Ginebra de 1966 como el \u00fanico instrumento jur\u00eddico v\u00e1lido para alcanzar una soluci\u00f3n pr\u00e1ctica y satisfactoria para Venezuela y Guyana, en torno a la controversia sobre el territorio de la Guayana Esequiba?<\/p>\n\n\n\n<p>S\u00ed 95,40%<\/p>\n\n\n\n<p>No 4.10%<\/p>\n\n\n\n<p>4.- \u00bfEst\u00e1 usted de acuerdo en oponerse, por todos los medios conforme a Derecho, a la pretensi\u00f3n de Guyana de disponer unilateralmente de un mar pendiente por delimitar, de manera ilegal y en violaci\u00f3n del derecho internacional?<\/p>\n\n\n\n<p>S\u00ed 95,94%<\/p>\n\n\n\n<p>No 4,06%<\/p>\n\n\n\n<p>5.-&nbsp; \u00bfEst\u00e1 usted de acuerdo con la creaci\u00f3n del estado Guayana Esequiba y se desarrolle un plan acelerado para la atenci\u00f3n integral a la poblaci\u00f3n actual y futura de ese territorio que incluya entre otros el otorgamiento de la ciudadan\u00eda y c\u00e9dula de identidad venezolana, conforme al Acuerdo de Ginebra y el Derecho Internacional, incorporando en consecuencia dicho estado en el mapa del territorio venezolano?<\/p>\n\n\n\n<p>S\u00ed 95,93%<\/p>\n\n\n\n<p>No 4,07%<\/p>\n\n\n\n<p><strong>Prensa Presidencial \/ Karelis Gonz\u00e1lez<\/strong><\/p>\n","protected":false},"excerpt":{"rendered":"<p>Plaza Bol\u00edvar, Caracas.- Al conocerse el abrumador triunfo del S\u00ed en el refer\u00e9ndum consultivo en defensa de los derechos hist\u00f3ricos de Venezuela sobre la Guayana Esequiba, el presidente de la Rep\u00fablica, Nicol\u00e1s Maduro, asever\u00f3 que \u201cel pueblo ha hablado alto y claro: esta victoria le pertenece a todo el pueblo de Venezuela sin discriminaci\u00f3n, ni [&hellip;]<\/p>\n","protected":false},"author":4,"featured_media":10052,"comment_status":"open","ping_status":"open","sticky":false,"template":"","format":"standard","meta":{"footnotes":""},"categories":[18,7],"tags":[],"class_list":["post-10051","post","type-post","status-publish","format-standard","has-post-thumbnail","hentry","category-noticias-principales","category-notas-de-prensa"],"_links":{"self":[{"href":"https:\/\/prensapresidencialvenezuela.gob.ve\/index.php\/wp-json\/wp\/v2\/posts\/10051","targetHints":{"allow":["GET"]}}],"collection":[{"href":"https:\/\/prensapresidencialvenezuela.gob.ve\/index.php\/wp-json\/wp\/v2\/posts"}],"about":[{"href":"https:\/\/prensapresidencialvenezuela.gob.ve\/index.php\/wp-json\/wp\/v2\/types\/post"}],"author":[{"embeddable":true,"href":"https:\/\/prensapresidencialvenezuela.gob.ve\/index.php\/wp-json\/wp\/v2\/users\/4"}],"replies":[{"embeddable":true,"href":"https:\/\/prensapresidencialvenezuela.gob.ve\/index.php\/wp-json\/wp\/v2\/comments?post=10051"}],"version-history":[{"count":1,"href":"https:\/\/prensapresidencialvenezuela.gob.ve\/index.php\/wp-json\/wp\/v2\/posts\/10051\/revisions"}],"predecessor-version":[{"id":10053,"href":"https:\/\/prensapresidencialvenezuela.gob.ve\/index.php\/wp-json\/wp\/v2\/posts\/10051\/revisions\/10053"}],"wp:featuredmedia":[{"embeddable":true,"href":"https:\/\/prensapresidencialvenezuela.gob.ve\/index.php\/wp-json\/wp\/v2\/media\/10052"}],"wp:attachment":[{"href":"https:\/\/prensapresidencialvenezuela.gob.ve\/index.php\/wp-json\/wp\/v2\/media?parent=10051"}],"wp:term":[{"taxonomy":"category","embeddable":true,"href":"https:\/\/prensapresidencialvenezuela.gob.ve\/index.php\/wp-json\/wp\/v2\/categories?post=10051"},{"taxonomy":"post_tag","embeddable":true,"href":"https:\/\/prensapresidencialvenezuela.gob.ve\/index.php\/wp-json\/wp\/v2\/tags?post=10051"}],"curies":[{"name":"wp","href":"https:\/\/api.w.org\/{rel}","templated":true}]}}