{"id":10054,"date":"2023-12-03T12:24:00","date_gmt":"2023-12-03T16:24:00","guid":{"rendered":"http:\/\/172.27.0.121\/?p=10054"},"modified":"2024-04-23T12:25:23","modified_gmt":"2024-04-23T16:25:23","slug":"pueblo-senalo-el-camino-de-la-nueva-etapa-de-lucha-en-defensa-del-esequibo","status":"publish","type":"post","link":"https:\/\/prensapresidencialvenezuela.gob.ve\/index.php\/2023\/12\/03\/pueblo-senalo-el-camino-de-la-nueva-etapa-de-lucha-en-defensa-del-esequibo\/","title":{"rendered":"Pueblo se\u00f1al\u00f3 el camino de la nueva etapa de lucha en defensa del Esequibo"},"content":{"rendered":"\n<p><strong>Plaza Bol\u00edvar, Caracas.- <\/strong>Con la contundente victoria del S\u00ed en el refer\u00e9ndum consultivo,&nbsp;Venezuela da \u201clos primeros pasos de una nueva etapa hist\u00f3rica para luchar por lo nuestro, para lograr recuperar lo que nos dejaron los libertadores\u201d.<\/p>\n\n\n\n<p>La afirmaci\u00f3n corresponde al presidente de la Rep\u00fablica, Nicol\u00e1s Maduro, quien se\u00f1al\u00f3 que, a partir de este domingo 3 de diciembre, inicia la quinta etapa hist\u00f3rica de la lucha por los derechos hist\u00f3ricos, pol\u00edticos y jur\u00eddicos de Venezuela sobre el territorio de la Guayana Esequiba.<\/p>\n\n\n\n<p>Desde la Plaza Bol\u00edvar, epicentro de la celebraci\u00f3n popular por la ratificaci\u00f3n de la soberan\u00eda sobre el Esequibo, puntualiz\u00f3 que el refer\u00e9ndum consultivo adquiri\u00f3 una connotaci\u00f3n hist\u00f3rica gracias al profundo nivel de unidad que gener\u00f3 un tema \u201cque dej\u00f3 de ser solo de especialistas, para tambi\u00e9n ser ahora un tema que le pertenece a todo el pueblo\u201d.<\/p>\n\n\n\n<p>\u201cRefer\u00e9ndum hist\u00f3rico que ha puesto de pie a Venezuela. El pueblo venezolano ha hablado alto y claro, esta victoria le pertenece a todo el pueblo de Venezuela sin discriminaci\u00f3n, ni partidismo\u201d, recalc\u00f3.<\/p>\n\n\n\n<p>El jefe de Estado enfatiz\u00f3, en este sentido, que \u201cel \u00fanico vencedor es la dignidad y la soberan\u00eda de Venezuela\u201d, al tiempo que se\u00f1al\u00f3 que el despertar que signific\u00f3 la consulta popular es reflejo de la profunda conciencia patri\u00f3tica del pueblo.<\/p>\n\n\n\n<p><strong>\u00a1Ahora es que tendremos Esequibo!<\/strong><\/p>\n\n\n\n<p>En tanto, la primera combatiente y diputada de la Asamblea Nacional, Cilia Flores, subray\u00f3 que la abrumadora manifestaci\u00f3n de voluntad de los venezolanos garantizar\u00e1 que \u201ctengamos Esequibo por los siglos de los siglos\u201d.<\/p>\n\n\n\n<p>\u201cCon esas m\u00e1s de 10 millones de voluntades, nosotros ahora es que vamos a tener Esequibo. Tendremos Esequibo por los siglos de los siglos porque el pueblo dijo S\u00ed\u201d, apunt\u00f3.<\/p>\n\n\n\n<p>El primer bolet\u00edn del Consejo Nacional Electoral (CNE), presentado pasadas las 10:00 de la noche, evidencia la contundente victoria del S\u00ed al registrarse 10 millones 554 mil 320 votantes, cifra sujeta a cambios a ra\u00edz de la pr\u00f3rroga del proceso electoral.<\/p>\n\n\n\n<p><strong>Prensa Presidencial \/ Karelis Gonz\u00e1lez<\/strong><\/p>\n","protected":false},"excerpt":{"rendered":"<p>Plaza Bol\u00edvar, Caracas.- Con la contundente victoria del S\u00ed en el refer\u00e9ndum consultivo,&nbsp;Venezuela da \u201clos primeros pasos de una nueva etapa hist\u00f3rica para luchar por lo nuestro, para lograr recuperar lo que nos dejaron los libertadores\u201d. La afirmaci\u00f3n corresponde al presidente de la Rep\u00fablica, Nicol\u00e1s Maduro, quien se\u00f1al\u00f3 que, a partir de este domingo 3 [&hellip;]<\/p>\n","protected":false},"author":4,"featured_media":10055,"comment_status":"open","ping_status":"open","sticky":false,"template":"","format":"standard","meta":{"footnotes":""},"categories":[18,7],"tags":[],"class_list":["post-10054","post","type-post","status-publish","format-standard","has-post-thumbnail","hentry","category-noticias-principales","category-notas-de-prensa"],"_links":{"self":[{"href":"https:\/\/prensapresidencialvenezuela.gob.ve\/index.php\/wp-json\/wp\/v2\/posts\/10054","targetHints":{"allow":["GET"]}}],"collection":[{"href":"https:\/\/prensapresidencialvenezuela.gob.ve\/index.php\/wp-json\/wp\/v2\/posts"}],"about":[{"href":"https:\/\/prensapresidencialvenezuela.gob.ve\/index.php\/wp-json\/wp\/v2\/types\/post"}],"author":[{"embeddable":true,"href":"https:\/\/prensapresidencialvenezuela.gob.ve\/index.php\/wp-json\/wp\/v2\/users\/4"}],"replies":[{"embeddable":true,"href":"https:\/\/prensapresidencialvenezuela.gob.ve\/index.php\/wp-json\/wp\/v2\/comments?post=10054"}],"version-history":[{"count":1,"href":"https:\/\/prensapresidencialvenezuela.gob.ve\/index.php\/wp-json\/wp\/v2\/posts\/10054\/revisions"}],"predecessor-version":[{"id":10056,"href":"https:\/\/prensapresidencialvenezuela.gob.ve\/index.php\/wp-json\/wp\/v2\/posts\/10054\/revisions\/10056"}],"wp:featuredmedia":[{"embeddable":true,"href":"https:\/\/prensapresidencialvenezuela.gob.ve\/index.php\/wp-json\/wp\/v2\/media\/10055"}],"wp:attachment":[{"href":"https:\/\/prensapresidencialvenezuela.gob.ve\/index.php\/wp-json\/wp\/v2\/media?parent=10054"}],"wp:term":[{"taxonomy":"category","embeddable":true,"href":"https:\/\/prensapresidencialvenezuela.gob.ve\/index.php\/wp-json\/wp\/v2\/categories?post=10054"},{"taxonomy":"post_tag","embeddable":true,"href":"https:\/\/prensapresidencialvenezuela.gob.ve\/index.php\/wp-json\/wp\/v2\/tags?post=10054"}],"curies":[{"name":"wp","href":"https:\/\/api.w.org\/{rel}","templated":true}]}}