{"id":10124,"date":"2023-12-07T13:15:00","date_gmt":"2023-12-07T17:15:00","guid":{"rendered":"http:\/\/172.27.0.121\/?p=10124"},"modified":"2024-04-23T13:17:06","modified_gmt":"2024-04-23T17:17:06","slug":"presidente-alerta-sobre-ataques-del-imperio-para-concretar-el-despojo-sobre-el-esequibo","status":"publish","type":"post","link":"https:\/\/prensapresidencialvenezuela.gob.ve\/index.php\/2023\/12\/07\/presidente-alerta-sobre-ataques-del-imperio-para-concretar-el-despojo-sobre-el-esequibo\/","title":{"rendered":"Presidente alerta sobre ataques del imperio para concretar el despojo sobre el Esequibo"},"content":{"rendered":"\n<p><strong>La Casona Cultural \u201cAquiles Nazoa\u201d, estado Miranda.- <\/strong>El presidente de la Rep\u00fablica Bolivariana de Venezuela, Nicol\u00e1s Maduro Moros, llam\u00f3 al pueblo, en especial a la juventud, a estar alertas frente a los planes de despojo que pretende materializar la derecha internacional, en contra del territorio venezolano de la Guayana Esequiba, luego de que el secretario de Estado de los Estados Unidos, Antony Blinken, ratificara su apoyo al gobierno de Guyana en la controversia territorial y afirmara que el \u00edrrito Laudo Arbitral es el camino a seguir.<\/p>\n\n\n\n<p>\u201cEl imperio norteamericano, los restos del imperio brit\u00e1nico y la derecha pretenden despojarnos de nuestra tierra \u2013 f\u00edjense ustedes \u2013 ah\u00ed sali\u00f3 el secretario de Estado (Antony) Blinken, de Estados Unidos, a dar un discurso contra Venezuela, apoyar el Laudo Arbitral de 1899 que ellos impusieron con el imperio brit\u00e1nico\u201d, precis\u00f3 desde La Casona Cultural \u201cAquiles Nazoa\u201d, ubicada en el estado Miranda.<\/p>\n\n\n\n<p>Afirm\u00f3 que esta trama se va tejiendo desde distintos frentes y quienes participan han sido los mismos que apostaron al golpe de Estado y la instalaci\u00f3n de un gobierno paralelo en Venezuela.<\/p>\n\n\n\n<p>\u201cIv\u00e1n Duque, Sebasti\u00e1n Pi\u00f1era, Mario Ben\u00edtez, entre otros, los mismos que pretendieron invadir desde C\u00facuta, los mismos que se llevaron a (Juan) Guaid\u00f3 a C\u00facuta, los mismos que apoyan a los L\u00f3pez, a los Borges, a la Machado, a los Capriles, los mismos aparecen con un documento diciendo que la Guayana Esequiba le pertenece a Guyana, desconociendo los derechos de Venezuela, desconociendo la decisi\u00f3n Pueblo\u201d, puntualiz\u00f3.<\/p>\n\n\n\n<p>El Dignatario se\u00f1al\u00f3 que el objetivo del plan no es otro que apoderarse de un territorio que cuenta con numerosas riquezas naturales, con fines netamente capitalistas.<\/p>\n\n\n\n<p>\u201cClavar sus garras, desmembrar el pa\u00eds en veinte pedazos y robar la riqueza que le pertenece a los venezolanos y venezolanas, que somos la Patria nada m\u00e1s y nada menos que del gran Libertador Sim\u00f3n Bol\u00edvar\u201d, agreg\u00f3.<\/p>\n\n\n\n<p>Destac\u00f3 que el Poder Popular debe hacer valer su voluntad, en uni\u00f3n nacional, para defender el mandato que desde las urnas electorales se gener\u00f3 y en rechazo a aquellos que apoyan a transnacionales como la ExxonMobil.<\/p>\n\n\n\n<p>Finalmente, hizo un llamado a activarse desde todos los frentes para detener la acci\u00f3n antipatriota que en nuestro pa\u00eds se desarrolla desde algunos sectores de derecha.<\/p>\n\n\n\n<p>\u201cLlamo al pueblo al combate, llamo al pueblo a la m\u00e1xima moral, a la m\u00e1xima uni\u00f3n, a la denuncia p\u00fablica, llamo a nuestro pueblo, sobre todo a la juventud porque a ustedes les pertenece la Guayana Esequiba y todo el mapa\u201d, sentenci\u00f3.<\/p>\n\n\n\n<p><strong>Prensa Presidencial \/ Mar\u00eda Mercedes Noguera<\/strong><\/p>\n","protected":false},"excerpt":{"rendered":"<p>La Casona Cultural \u201cAquiles Nazoa\u201d, estado Miranda.- El presidente de la Rep\u00fablica Bolivariana de Venezuela, Nicol\u00e1s Maduro Moros, llam\u00f3 al pueblo, en especial a la juventud, a estar alertas frente a los planes de despojo que pretende materializar la derecha internacional, en contra del territorio venezolano de la Guayana Esequiba, luego de que el secretario [&hellip;]<\/p>\n","protected":false},"author":4,"featured_media":10125,"comment_status":"open","ping_status":"open","sticky":false,"template":"","format":"standard","meta":{"footnotes":""},"categories":[18,7],"tags":[],"class_list":["post-10124","post","type-post","status-publish","format-standard","has-post-thumbnail","hentry","category-noticias-principales","category-notas-de-prensa"],"_links":{"self":[{"href":"https:\/\/prensapresidencialvenezuela.gob.ve\/index.php\/wp-json\/wp\/v2\/posts\/10124","targetHints":{"allow":["GET"]}}],"collection":[{"href":"https:\/\/prensapresidencialvenezuela.gob.ve\/index.php\/wp-json\/wp\/v2\/posts"}],"about":[{"href":"https:\/\/prensapresidencialvenezuela.gob.ve\/index.php\/wp-json\/wp\/v2\/types\/post"}],"author":[{"embeddable":true,"href":"https:\/\/prensapresidencialvenezuela.gob.ve\/index.php\/wp-json\/wp\/v2\/users\/4"}],"replies":[{"embeddable":true,"href":"https:\/\/prensapresidencialvenezuela.gob.ve\/index.php\/wp-json\/wp\/v2\/comments?post=10124"}],"version-history":[{"count":1,"href":"https:\/\/prensapresidencialvenezuela.gob.ve\/index.php\/wp-json\/wp\/v2\/posts\/10124\/revisions"}],"predecessor-version":[{"id":10126,"href":"https:\/\/prensapresidencialvenezuela.gob.ve\/index.php\/wp-json\/wp\/v2\/posts\/10124\/revisions\/10126"}],"wp:featuredmedia":[{"embeddable":true,"href":"https:\/\/prensapresidencialvenezuela.gob.ve\/index.php\/wp-json\/wp\/v2\/media\/10125"}],"wp:attachment":[{"href":"https:\/\/prensapresidencialvenezuela.gob.ve\/index.php\/wp-json\/wp\/v2\/media?parent=10124"}],"wp:term":[{"taxonomy":"category","embeddable":true,"href":"https:\/\/prensapresidencialvenezuela.gob.ve\/index.php\/wp-json\/wp\/v2\/categories?post=10124"},{"taxonomy":"post_tag","embeddable":true,"href":"https:\/\/prensapresidencialvenezuela.gob.ve\/index.php\/wp-json\/wp\/v2\/tags?post=10124"}],"curies":[{"name":"wp","href":"https:\/\/api.w.org\/{rel}","templated":true}]}}