{"id":10145,"date":"2023-12-08T13:28:00","date_gmt":"2023-12-08T17:28:00","guid":{"rendered":"http:\/\/172.27.0.121\/?p=10145"},"modified":"2024-04-23T13:30:08","modified_gmt":"2024-04-23T17:30:08","slug":"10145","status":"publish","type":"post","link":"https:\/\/prensapresidencialvenezuela.gob.ve\/index.php\/2023\/12\/08\/10145\/","title":{"rendered":""},"content":{"rendered":"\n<p><strong>Palacio de Miraflores, Caracas. \u2013 <\/strong>En el segundo episodio de <em>Maduro Podcast<\/em>, dos amigos se encontraron para hablar de las luchas pol\u00edticas de los a\u00f1os 90 que hacen eco hasta nuestros d\u00edas.<\/p>\n\n\n\n<p>El presidente Nicol\u00e1s Maduro y conductor de victorias recuerda esos momentos al lado de Tareck William Saab; y comparte que fue una \u00e9poca de batallas, pero tambi\u00e9n de una esperanza que fue surgiendo en el tiempo, junto al gran liderazgo del Comandante Hugo Ch\u00e1vez, quien \u201cdespert\u00f3 a Venezuela, Am\u00e9rica Latina y al mundo\u201d.<\/p>\n\n\n\n<p>Emergieron varias gu\u00edas que estaban determinadas a responder verdaderamente al pueblo: El proyecto constituyente, el proyecto bolivariano, el proyecto democr\u00e1tico, cuando \u201cdecidimos en el a\u00f1o 97 ir por el camino democr\u00e1tico electoral, de respeto al pueblo, de convocatoria al pueblo y se dio el milagro hist\u00f3rico, \u00fanico, de que el proyecto original de Bol\u00edvar volvi\u00f3 y el Comandante Ch\u00e1vez lo primero que hizo fue convocar a Constituyente y el despertar de un movimiento de opini\u00f3n que no exist\u00eda ni hab\u00edamos conocido en Venezuela\u201d, relata el presidente Maduro, tambi\u00e9n acompa\u00f1ado en esta emisi\u00f3n por la primera Combatiente de la Rep\u00fablica, Cilia Flores.<\/p>\n\n\n\n<p>Momentos estelares se estaban dando para Nicol\u00e1s Maduro y William Saab; y la posibilidad de abonar un terrero para hacer pol\u00edtica orientada a la mujer y al hombre de a pie.<\/p>\n\n\n\n<p>Impregnados de juventud \u2013 cuenta el jefe de Estado \u2013 toc\u00f3 empezar a remar. \u201c\u00c9ramos muy j\u00f3venes, tuvimos la fortuna de participar en ese proceso; deben saber los m\u00e1s j\u00f3venes que este muchacho que ustedes ven ac\u00e1, el poeta, fue uno de los corredactores (en 1999) m\u00e1s importantes de la Constituci\u00f3n vigente\u201d.<\/p>\n\n\n\n<p>El punto diferenciador respecto a la manera antigua de hacer pol\u00edtica fue que este instrumento para el soberano se \u201credact\u00f3, se debati\u00f3 con la gente, se recogieron las mejores propuestas\u201d, enumera el Dignatario, a la vez que exalta sobre Saab la \u201cdedicaci\u00f3n que t\u00fa le pon\u00edas al tema del cap\u00edtulo de los derechos humanos, de los derechos civiles, de los derechos pol\u00edticos\u201d.<\/p>\n\n\n\n<p>Cruzan apreciaciones los dos sobre aquellos momentos, el ahora Fiscal General de la Rep\u00fablica pronunciando la palabra \u201ctrascendente\u201d y el Jefe de Estado venezolano diciendo: \u201cTan chamo que eras y el Comandante Ch\u00e1vez te convoc\u00f3 para la Comisi\u00f3n Presidencial por la Constituyente que elabor\u00f3 los proyectos\u201d, siendo un punto importante, porque la selecci\u00f3n de este \u201cmuchacho\u201d se hizo en medio de \u201cmucha gente, ya con una experiencia\u201d.<\/p>\n\n\n\n<p>Vino entonces un paso crucial \u2013 recuerda el jurista \u2013 el presidente (Ch\u00e1vez) crea el Consejo Presidencial Constitucional que era para redactar ya el proyecto de Constituci\u00f3n que presentar\u00edan cuando se estableciera la Asamblea Nacional Constituyente.<\/p>\n\n\n\n<p>El cari\u00f1osamente llamado poeta por el presidente Nicol\u00e1s Maduro, destaca con ah\u00ednco en esta conversaci\u00f3n que \u201cesa generaci\u00f3n nuestra, aparte de valiente, era estudiosa\u201d, y \u201cmeticulosa y disciplinada\u201d, agrega el presidente venezolano.<\/p>\n\n\n\n<p><strong>Experiencias de calle con la gente<\/strong><\/p>\n\n\n\n<p>As\u00ed tambi\u00e9n, el Fiscal General de la Rep\u00fablica disert\u00f3 en torno a c\u00f3mo Nicol\u00e1s Maduro, como sindicalista de la \u00e9poca, cre\u00f3 el \u201cnuevo sindicalismo a partir \u00bfde qu\u00e9? De una experiencia previa que era pr\u00e1cticamente en las calles\u201d.<\/p>\n\n\n\n<p>\u201cCilia (Flores) como abogada, igual, pero ese m\u00e9todo \u00bfpara qu\u00e9 nos sirvi\u00f3? (\u2026) el comandante Ch\u00e1vez capta a esa generaci\u00f3n nuestra y la toma para que lo acompa\u00f1en en un momento estelar \u201c, agrega.<\/p>\n\n\n\n<p>Sostiene que tanto \u00e9l como el amigo Nicol\u00e1s pudieran decir que \u201ctenemos el honor, esta generaci\u00f3n nuestra de ser co fundadores de la nueva V Rep\u00fablica, que sienta las bases de un momento hist\u00f3rico que impact\u00f3 en Am\u00e9rica Latina y, cr\u00e9anme que, para m\u00ed, en el mundo, porque el hecho venezolano que usted menciona con la llegada del comandante a la presidencia, fue un hecho global, trascendental\u201d.<\/p>\n\n\n\n<p>Coincidieron que en Venezuela las \u201cideas democr\u00e1ticas, la posibilidad de democracia lleg\u00f3 muy tarde\u201d, pero con la \u201cRevoluci\u00f3n Bolivariana, Venezuela se adelant\u00f3 y el siglo XXI lleg\u00f3 en la d\u00e9cada de los 90\u201d.<\/p>\n\n\n\n<p>Es decir, Hugo Ch\u00e1vez fue el motor que lo permiti\u00f3.<\/p>\n\n\n\n<p>\u201cO sea, que llegamos tempraneros, ya, con las nuevas ideas, marcando pauta de las nuevas ideas para una nueva \u00e9poca, una nueva \u00e9poca del mundo, una \u00e9poca de cambios verdaderos, liderada por un hombre extraordinario como nuestro comandante Ch\u00e1vez, con ideas, con proyectos, con capacidad, una cosa realmente in\u00e9dita, brillante\u201d, exalt\u00f3 el presidente Maduro.<\/p>\n\n\n\n<p>A la pregunta de qu\u00e9 m\u00e1s recuerda de aquellos momentos gloriosos de la Constituyente en el 99, de qu\u00e9 lo marc\u00f3 y qu\u00e9 lo sacude todav\u00eda de esa \u00e9poca, el Fiscal indica que le comparece \u201csentirse \u00fatil a los m\u00e1s necesitados y eso todav\u00eda me acompa\u00f1a, el sentido al servicio p\u00fablico, de poder tenderle la mano a quien est\u00e1 invisibilizado\u201d.<\/p>\n\n\n\n<p>Comenta que esa es la esencia, es decir, el \u201csentirme en la sencillez de alguien que no se lo esperaba (\u2026)&nbsp; el sentido de la utilidad, alguien \u00fatil, yo puedo ser \u00fatil\u201d, dijo al recordar la lucha que desde aquellos d\u00edas se emprendi\u00f3 por los olvidados de todas las horas, los que nadie quer\u00eda defender y a los que nadie quer\u00eda tocar.<\/p>\n\n\n\n<p>Eso era lo que precisamente empezaba a permitir la Constituyente. Al respecto, el presidente Maduro refiri\u00f3 que la \u201cConstituyente del 99 es el cumplimiento de una oferta, una propuesta, una promesa, un compromiso\u201d, porque los \u201ccandidatos presidenciales ganaban siempre como pasa con la derecha en las democracias burguesas formales, prometiendo\u201d y luego haciendo todo lo contrario.<\/p>\n\n\n\n<p>Contrario a ello \u2013 coteja el jefe de Estado \u2013 el comandante Ch\u00e1vez propuso un proyecto hist\u00f3rico, el de Bol\u00edvar, un camino constituyente. Este garantiz\u00f3 y sigue garantizando la participaci\u00f3n y protagonismo del pueblo.<\/p>\n\n\n\n<p>Ante la posici\u00f3n del presidente obrero acerca de las cosas que se han hecho en Revoluci\u00f3n y las que est\u00e1n por concretarse, se\u00f1al\u00f3 que \u201cson varias generaciones para construir las bases fuertes de un nuevo Estado, una nueva Rep\u00fablica, una Sociedad, un nuevo patr\u00f3n cultural, educativo, moral y una nueva consciencia nacional\u201d.<\/p>\n\n\n\n<p>\u201cTodav\u00eda falta camino por andar, apenas nosotros lo que hemos hecho es sembrar, recoger una cosecha, pero todav\u00eda hay mucho campo por limpiar y sembrar\u201d, dijo a Tareck William Saab, a quien le han correspondido responsabilidades que le han acercado todav\u00eda m\u00e1s al pueblo.<\/p>\n\n\n\n<p>Te han tocado muchas responsabilidades, pero me concentrar\u00eda, defensor\u00eda del pueblo, fue otro de los momentos que record\u00f3 el presidente Maduro en relaci\u00f3n a las tareas de Saab, quien precisa que estas funciones las asumi\u00f3 \u201ca finales del a\u00f1o 2014, que era un sue\u00f1o de todos los venezolanos que se creara esa instituci\u00f3n\u201d.<\/p>\n\n\n\n<p>As\u00ed se consolid\u00f3 con el impulso constituyente y \u201ccon programas reales de atenci\u00f3n, con el que se escuchaba a la gente olvidada, sencilla y humilde\u201d, dijo el Fiscal.<\/p>\n\n\n\n<p>Con esta frase William Saab daba en el clavo con algunos aspectos que siguen siendo una preocupaci\u00f3n permanente para el jefe de Estado, quien instan a \u201cescuchar a la gente\u201d y que se \u201ctenga la conexi\u00f3n directa\u201d.<\/p>\n\n\n\n<p>\u201cEsa es una preocupaci\u00f3n permanente\u201d, manifest\u00f3 el Mandatario, para seguir dialogando y hablar de la llegada de Tareck William Saab a la Fiscal\u00eda General de la Rep\u00fablica.<\/p>\n\n\n\n<p>William Saab dijo haber encontrado la muestra de \u201cun cartel estilo mafia de la peor copia de lo que es el narcotr\u00e1fico por la manera de unir tr\u00e1fico de influencias, legitimaci\u00f3n de capitales, lavado de dinero, extorsiones\u201d, modalidades que se hab\u00edan normalizado.<\/p>\n\n\n\n<p>\u201cEncontr\u00e9 mucha desmoralizaci\u00f3n del personal, al que no se le daba oportunidad de ascenso. Cr\u00e9ame que fue volver a fundar desde las cenizas a esa instituci\u00f3n\u201d, se\u00f1al\u00f3 al sostener que duda que \u201cha habido un punto de inflexi\u00f3n de lo que era eso desde hace tiempo y lo que es ahora\u201d.<\/p>\n\n\n\n<p>Indica que \u201cahora esta instituci\u00f3n est\u00e1 cerca del pueblo, tiene un prestigio t\u00e9cnico\u201d y, lo m\u00e1s importante, que est\u00e1 cerca de la gente.<\/p>\n\n\n\n<p><strong>Prensa Presidencial \/ Ana\u00eds P\u00e9rez<\/strong><\/p>\n","protected":false},"excerpt":{"rendered":"<p>Palacio de Miraflores, Caracas. \u2013 En el segundo episodio de Maduro Podcast, dos amigos se encontraron para hablar de las luchas pol\u00edticas de los a\u00f1os 90 que hacen eco hasta nuestros d\u00edas. El presidente Nicol\u00e1s Maduro y conductor de victorias recuerda esos momentos al lado de Tareck William Saab; y comparte que fue una \u00e9poca [&hellip;]<\/p>\n","protected":false},"author":4,"featured_media":10146,"comment_status":"open","ping_status":"open","sticky":false,"template":"","format":"standard","meta":{"footnotes":""},"categories":[18,7],"tags":[],"class_list":["post-10145","post","type-post","status-publish","format-standard","has-post-thumbnail","hentry","category-noticias-principales","category-notas-de-prensa"],"_links":{"self":[{"href":"https:\/\/prensapresidencialvenezuela.gob.ve\/index.php\/wp-json\/wp\/v2\/posts\/10145","targetHints":{"allow":["GET"]}}],"collection":[{"href":"https:\/\/prensapresidencialvenezuela.gob.ve\/index.php\/wp-json\/wp\/v2\/posts"}],"about":[{"href":"https:\/\/prensapresidencialvenezuela.gob.ve\/index.php\/wp-json\/wp\/v2\/types\/post"}],"author":[{"embeddable":true,"href":"https:\/\/prensapresidencialvenezuela.gob.ve\/index.php\/wp-json\/wp\/v2\/users\/4"}],"replies":[{"embeddable":true,"href":"https:\/\/prensapresidencialvenezuela.gob.ve\/index.php\/wp-json\/wp\/v2\/comments?post=10145"}],"version-history":[{"count":1,"href":"https:\/\/prensapresidencialvenezuela.gob.ve\/index.php\/wp-json\/wp\/v2\/posts\/10145\/revisions"}],"predecessor-version":[{"id":10147,"href":"https:\/\/prensapresidencialvenezuela.gob.ve\/index.php\/wp-json\/wp\/v2\/posts\/10145\/revisions\/10147"}],"wp:featuredmedia":[{"embeddable":true,"href":"https:\/\/prensapresidencialvenezuela.gob.ve\/index.php\/wp-json\/wp\/v2\/media\/10146"}],"wp:attachment":[{"href":"https:\/\/prensapresidencialvenezuela.gob.ve\/index.php\/wp-json\/wp\/v2\/media?parent=10145"}],"wp:term":[{"taxonomy":"category","embeddable":true,"href":"https:\/\/prensapresidencialvenezuela.gob.ve\/index.php\/wp-json\/wp\/v2\/categories?post=10145"},{"taxonomy":"post_tag","embeddable":true,"href":"https:\/\/prensapresidencialvenezuela.gob.ve\/index.php\/wp-json\/wp\/v2\/tags?post=10145"}],"curies":[{"name":"wp","href":"https:\/\/api.w.org\/{rel}","templated":true}]}}