{"id":10157,"date":"2023-12-11T13:36:00","date_gmt":"2023-12-11T17:36:00","guid":{"rendered":"http:\/\/172.27.0.121\/?p=10157"},"modified":"2024-04-23T13:39:57","modified_gmt":"2024-04-23T17:39:57","slug":"dialogo-cara-a-cara-con-irfaan-ali-es-un-gran-logro-para-america-latina-y-el-caribe","status":"publish","type":"post","link":"https:\/\/prensapresidencialvenezuela.gob.ve\/index.php\/2023\/12\/11\/dialogo-cara-a-cara-con-irfaan-ali-es-un-gran-logro-para-america-latina-y-el-caribe\/","title":{"rendered":"Di\u00e1logo cara a cara con Irfaan Ali es un gran logro para Am\u00e9rica Latina y el Caribe"},"content":{"rendered":"\n<p><strong>Palacio de Miraflores, Caracas. \u2013 <\/strong>El presidente de la Rep\u00fablica Bolivariana de Venezuela, Nicol\u00e1s Maduro, calific\u00f3 de \u201cgran logro\u201d para Am\u00e9rica Latina y el Caribe, la reuni\u00f3n convocada cara a cara para el pr\u00f3ximo 14 de diciembre en San Vicente y Las Granadinas, a fin de debatir en relaci\u00f3n a la controversia territorial entre Venezuela y Guyana.<\/p>\n\n\n\n<p>A d\u00edas de sostener un di\u00e1logo de alto nivel con su par de la Rep\u00fablica Cooperativa de Guyana, Mohamed Irfaan Ali, el jefe de Estado venezolano indic\u00f3 que es lo \u201csiempre quisimos y all\u00e1 vamos con la mejor voluntad\u201d.<\/p>\n\n\n\n<p>\u201cVamos con la voz del pueblo de Venezuela y vamos a buscar canalizar, encaminar, diplom\u00e1tica y pac\u00edficamente, el conflicto que ha surgido por las decisiones ilegales del gobierno de Guyana y de la ExxonMobil\u201d, enfatiz\u00f3 durante la edici\u00f3n n\u00famero 29 de su programa Con Maduro +.<\/p>\n\n\n\n<p>El jefe de Estado venezolano insisti\u00f3 en que Venezuela va a esta cita \u201ccon la mejor buena fe y con la experiencia diplom\u00e1tica que nos han dado estos a\u00f1os de lucha\u201d; luego de que Guyana aceptara propuesta de di\u00e1logo de Venezuela.<\/p>\n\n\n\n<p>Coment\u00f3 que la din\u00e1mica en torno a este tema ha sido intensa, al referirse a la carta de respuesta emitida al Primer Ministro de San Vicente y las Granadinas, Ralph Gonsalves.<\/p>\n\n\n\n<p>Con la carta en mano, el Mandatario venezolano explic\u00f3 que el documento fue con copia a su par de Guyana; as\u00ed tambi\u00e9n al presidente de la Rep\u00fablica Federativa de Brasil, Luiz In\u00e1cio Lula Da Silva; el Primer Ministro Mancomunidad Dominica, y presidente Pro Tempore del Caricom, Roosevelt Skerrit.<\/p>\n\n\n\n<p>Revel\u00f3, a prop\u00f3sito del encuentro del jueves 14, que el d\u00eda viernes convers\u00f3 con el Secretario General de la Organizaci\u00f3n de las Naciones Unidas (ONU), Antonio Guterres, a quien \u201cle explique muy bien la posici\u00f3n de Venezuela sobre el respeto del consentimiento mutuo obligatorio dentro del marco del Acuerdo de Ginebra para tomar cualquier acci\u00f3n\u201d.<\/p>\n\n\n\n<p>El presidente Maduro tambi\u00e9n dijo haber expuesto a Guterres \u201cla posici\u00f3n de Venezuela con el estatuto de la Corte Internacional de Justicia (\u2026) la posici\u00f3n hist\u00f3rica desde 1945 sobre el no reconocimiento de la jurisdicci\u00f3n de la Corte Internacional de Justicia para dirimir la controversia de la Guyana Esequiba\u201d.<\/p>\n\n\n\n<p>En este sentido, el Mandatario detall\u00f3 que en el di\u00e1logo entr\u00f3 igualmente su petici\u00f3n para que Guterres jugara un papel positivo como Secretario General de la ONU para retomar el di\u00e1logo.<\/p>\n\n\n\n<p>\u201c\u00c9l se comprometi\u00f3 conmigo en que lo iba a hacer\u201d, destac\u00f3 el presidente Maduro.<\/p>\n\n\n\n<p>El d\u00eda s\u00e1bado- pormenoriz\u00f3 \u2013 habl\u00e9 con el presidente Lula Da Silva. Hablamos largo tambi\u00e9n.<\/p>\n\n\n\n<p>\u201c\u00c9l me llam\u00f3 para escucharme, escucharnos, reflexionamos conjuntamente, despu\u00e9s manipulan la conversaci\u00f3n. Los medios de comunicaci\u00f3n de derecha manipulan la conversaci\u00f3n que tuve con Lula\u201d, dijo al aseverar que \u201cfue una conversaci\u00f3n amistosa y respetuosa\u201d, toda vez de que \u201cLula es un l\u00edder respetuoso, es presidente de una potencia mundial, Brasil, es un hombre respetuoso, del decoro, de la soberan\u00eda, del honor, de los pueblos, y de manera muy particular, muy respetuoso de Venezuela\u201d.<\/p>\n\n\n\n<p>De los alcances de esta conversaci\u00f3n, el Dignatario nacional refiri\u00f3 que el mandatario brasile\u00f1o \u201ctambi\u00e9n se comprometi\u00f3 firmemente al dialogo directo, cara a cara, que es lo que yo he venido proponiendo desde siempre, desde tiempos inmemoriales, di\u00e1logo cara a cara, resoluci\u00f3n a trav\u00e9s del Acuerdo de Ginebra, resoluci\u00f3n diplom\u00e1tica, pacifica, a partir de nuestro concepto de la Diplomacia Bolivariana de Paz\u201d.<\/p>\n\n\n\n<p>Posteriormente \u201cme llam\u00f3 el Primer Ministro Ralph Gonsalves, presidente de la Comunidad de Estados Latinoamericanos y Caribe\u00f1os (CELAC), hablamos largamente\u201d y \u00e9l \u201cley\u00f3 la carta que despu\u00e9s hizo p\u00fablica, y me dijo que en Caricom hab\u00edan acordado proponer un di\u00e1logo, y que el di\u00e1logo fuera presidido por la CELAC, acompa\u00f1ado por Caricom y otros actores internacionales, invitando a la Secretaria General de Naciones Unidas a que participaran y as\u00ed se acord\u00f3\u201d.<\/p>\n\n\n\n<p>El presidente Nicol\u00e1s Maduro no dud\u00f3 en manifestar que se trata de un gran logro. \u201c\u00bfDe qui\u00e9n? Del pueblo de Venezuela, de la voluntad, del ejercicio de la soberan\u00eda del pueblo de Venezuela, es uno de los primeros grandes logros del paso hist\u00f3rico del 3 de diciembre, porque esto se resuelve es hablando, cara a cara, lo he dicho de todas las formas que se puede decir. Lo dije cuando surgi\u00f3 esta coyuntura\u201d, puntualiz\u00f3.<\/p>\n\n\n\n<p><strong>Prensa Presidencial \/ Ana\u00eds P\u00e9rez&nbsp;<\/strong><\/p>\n","protected":false},"excerpt":{"rendered":"<p>Palacio de Miraflores, Caracas. \u2013 El presidente de la Rep\u00fablica Bolivariana de Venezuela, Nicol\u00e1s Maduro, calific\u00f3 de \u201cgran logro\u201d para Am\u00e9rica Latina y el Caribe, la reuni\u00f3n convocada cara a cara para el pr\u00f3ximo 14 de diciembre en San Vicente y Las Granadinas, a fin de debatir en relaci\u00f3n a la controversia territorial entre Venezuela [&hellip;]<\/p>\n","protected":false},"author":4,"featured_media":10158,"comment_status":"open","ping_status":"open","sticky":false,"template":"","format":"standard","meta":{"footnotes":""},"categories":[18,7],"tags":[],"class_list":["post-10157","post","type-post","status-publish","format-standard","has-post-thumbnail","hentry","category-noticias-principales","category-notas-de-prensa"],"_links":{"self":[{"href":"https:\/\/prensapresidencialvenezuela.gob.ve\/index.php\/wp-json\/wp\/v2\/posts\/10157","targetHints":{"allow":["GET"]}}],"collection":[{"href":"https:\/\/prensapresidencialvenezuela.gob.ve\/index.php\/wp-json\/wp\/v2\/posts"}],"about":[{"href":"https:\/\/prensapresidencialvenezuela.gob.ve\/index.php\/wp-json\/wp\/v2\/types\/post"}],"author":[{"embeddable":true,"href":"https:\/\/prensapresidencialvenezuela.gob.ve\/index.php\/wp-json\/wp\/v2\/users\/4"}],"replies":[{"embeddable":true,"href":"https:\/\/prensapresidencialvenezuela.gob.ve\/index.php\/wp-json\/wp\/v2\/comments?post=10157"}],"version-history":[{"count":1,"href":"https:\/\/prensapresidencialvenezuela.gob.ve\/index.php\/wp-json\/wp\/v2\/posts\/10157\/revisions"}],"predecessor-version":[{"id":10159,"href":"https:\/\/prensapresidencialvenezuela.gob.ve\/index.php\/wp-json\/wp\/v2\/posts\/10157\/revisions\/10159"}],"wp:featuredmedia":[{"embeddable":true,"href":"https:\/\/prensapresidencialvenezuela.gob.ve\/index.php\/wp-json\/wp\/v2\/media\/10158"}],"wp:attachment":[{"href":"https:\/\/prensapresidencialvenezuela.gob.ve\/index.php\/wp-json\/wp\/v2\/media?parent=10157"}],"wp:term":[{"taxonomy":"category","embeddable":true,"href":"https:\/\/prensapresidencialvenezuela.gob.ve\/index.php\/wp-json\/wp\/v2\/categories?post=10157"},{"taxonomy":"post_tag","embeddable":true,"href":"https:\/\/prensapresidencialvenezuela.gob.ve\/index.php\/wp-json\/wp\/v2\/tags?post=10157"}],"curies":[{"name":"wp","href":"https:\/\/api.w.org\/{rel}","templated":true}]}}