{"id":1017,"date":"2022-01-27T17:39:00","date_gmt":"2022-01-27T17:39:00","guid":{"rendered":"http:\/\/172.27.0.121\/?p=1017"},"modified":"2022-06-01T17:41:27","modified_gmt":"2022-06-01T17:41:27","slug":"presidente-maduro-ratifica-compromiso-con-el-plan-de-revolucion-judicial","status":"publish","type":"post","link":"https:\/\/prensapresidencialvenezuela.gob.ve\/index.php\/2022\/01\/27\/presidente-maduro-ratifica-compromiso-con-el-plan-de-revolucion-judicial\/","title":{"rendered":"Presidente Maduro ratifica compromiso con el Plan de Revoluci\u00f3n Judicial"},"content":{"rendered":"\n<p><strong>Tribunal Supremo de Justicia, Caracas. \u2013&nbsp;<\/strong>Su apoyo irrestricto al Plan de Revoluci\u00f3n Judicial, ratific\u00f3 este jueves el presidente de la Rep\u00fablica Bolivariana de Venezuela, Nicol\u00e1s Maduro, durante la sesi\u00f3n solemne de Apertura de Actividades Judiciales del A\u00f1o 2022 y presentaci\u00f3n del informe correspondiente al a\u00f1o 2021.<\/p>\n\n\n\n<p>\u201cDoy todo mi respaldo personal, institucional, como jefe de Estado, (el respaldo) pol\u00edtico a todo el plan de Revoluci\u00f3n Judicial que hemos concebido conjuntamente el doctor Maikel Moreno, el doctor Jorge Rodr\u00edguez para los a\u00f1os que est\u00e1n en pleno desarrollo\u201d, asever\u00f3 el jefe de Estado.<\/p>\n\n\n\n<p>En el contexto de las 3R.Nets (Resistencia, Renacimiento, Revolucionar), el Mandatario venezolano se\u00f1al\u00f3 se inscribe \u201cel esfuerzo que estamos haciendo para una gran revoluci\u00f3n judicial\u201d, dijo desde la Plaza Central del Tribunal Supremo de Justicia (TSJ), en Caracas<\/p>\n\n\n\n<p>El objeto fundamental \u2013 explic\u00f3 \u2013 \u201ces llevar la justicia al menos favorecido, a quienes claman justicia, a quienes sienten dolor, a quienes necesitan verdaderamente de la mano del Estado, de un juez, de un fiscal que proteja sus derechos, que est\u00e9 a su lado en el momento en que alguien viola un derecho de un hombre, una mujer, una familia, un ni\u00f1o, una ni\u00f1a\u201d.<\/p>\n\n\n\n<p><strong>Prensa Presidencial\/Ana\u00eds P\u00e9rez<\/strong><\/p>\n","protected":false},"excerpt":{"rendered":"<p>Tribunal Supremo de Justicia, Caracas. \u2013&nbsp;Su apoyo irrestricto al Plan de Revoluci\u00f3n Judicial, ratific\u00f3 este jueves el presidente de la Rep\u00fablica Bolivariana de Venezuela, Nicol\u00e1s Maduro, durante la sesi\u00f3n solemne de Apertura de Actividades Judiciales del A\u00f1o 2022 y presentaci\u00f3n del informe correspondiente al a\u00f1o 2021. \u201cDoy todo mi respaldo personal, institucional, como jefe de [&hellip;]<\/p>\n","protected":false},"author":6,"featured_media":1018,"comment_status":"open","ping_status":"open","sticky":false,"template":"","format":"standard","meta":{"footnotes":""},"categories":[7],"tags":[],"class_list":["post-1017","post","type-post","status-publish","format-standard","has-post-thumbnail","hentry","category-notas-de-prensa"],"_links":{"self":[{"href":"https:\/\/prensapresidencialvenezuela.gob.ve\/index.php\/wp-json\/wp\/v2\/posts\/1017","targetHints":{"allow":["GET"]}}],"collection":[{"href":"https:\/\/prensapresidencialvenezuela.gob.ve\/index.php\/wp-json\/wp\/v2\/posts"}],"about":[{"href":"https:\/\/prensapresidencialvenezuela.gob.ve\/index.php\/wp-json\/wp\/v2\/types\/post"}],"author":[{"embeddable":true,"href":"https:\/\/prensapresidencialvenezuela.gob.ve\/index.php\/wp-json\/wp\/v2\/users\/6"}],"replies":[{"embeddable":true,"href":"https:\/\/prensapresidencialvenezuela.gob.ve\/index.php\/wp-json\/wp\/v2\/comments?post=1017"}],"version-history":[{"count":1,"href":"https:\/\/prensapresidencialvenezuela.gob.ve\/index.php\/wp-json\/wp\/v2\/posts\/1017\/revisions"}],"predecessor-version":[{"id":1019,"href":"https:\/\/prensapresidencialvenezuela.gob.ve\/index.php\/wp-json\/wp\/v2\/posts\/1017\/revisions\/1019"}],"wp:featuredmedia":[{"embeddable":true,"href":"https:\/\/prensapresidencialvenezuela.gob.ve\/index.php\/wp-json\/wp\/v2\/media\/1018"}],"wp:attachment":[{"href":"https:\/\/prensapresidencialvenezuela.gob.ve\/index.php\/wp-json\/wp\/v2\/media?parent=1017"}],"wp:term":[{"taxonomy":"category","embeddable":true,"href":"https:\/\/prensapresidencialvenezuela.gob.ve\/index.php\/wp-json\/wp\/v2\/categories?post=1017"},{"taxonomy":"post_tag","embeddable":true,"href":"https:\/\/prensapresidencialvenezuela.gob.ve\/index.php\/wp-json\/wp\/v2\/tags?post=1017"}],"curies":[{"name":"wp","href":"https:\/\/api.w.org\/{rel}","templated":true}]}}