{"id":10175,"date":"2023-12-11T13:52:00","date_gmt":"2023-12-11T17:52:00","guid":{"rendered":"http:\/\/172.27.0.121\/?p=10175"},"modified":"2024-04-23T13:58:22","modified_gmt":"2024-04-23T17:58:22","slug":"venezuela-repudia-amenaza-de-muerte-contra-gustavo-petro","status":"publish","type":"post","link":"https:\/\/prensapresidencialvenezuela.gob.ve\/index.php\/2023\/12\/11\/venezuela-repudia-amenaza-de-muerte-contra-gustavo-petro\/","title":{"rendered":"Venezuela repudia amenaza de muerte contra Gustavo Petro"},"content":{"rendered":"\n<p><strong>Palacio de Miraflores, Caracas.-<\/strong> En nombre de la Rep\u00fablica Bolivariana de Venezuela, el jefe de Estado y de Gobierno, Nicol\u00e1s Maduro, Nicol\u00e1s Maduro, rechaz\u00f3 \u2013de manera contundente- las amenazas p\u00fablicas contra la integridad f\u00edsica de su hom\u00f3logo de Colombia, Gustavo Petro, y su familia.<\/p>\n\n\n\n<p>\u201cPedimos a Dios que proteja al Presidente (Gustavo Petro), a su esposa (Ver\u00f3nica Alcocer) y su familia. Ojal\u00e1 haya justicia a tiempo para proteger la vida del Presidente, severamente amenazada por el fascismo, la ultraderecha y el paramilitarismo\u201d, puntualiz\u00f3 durante el programa <em>Con Maduro +<\/em>, transmitido a trav\u00e9s de Venezolana de Televisi\u00f3n (VTV).<\/p>\n\n\n\n<p>Al abogar por \u201cel respeto y la paz para Colombia\u201d, el presidente Nicol\u00e1s Maduro reiter\u00f3 su petici\u00f3n para la pronta actuaci\u00f3n de la justicia, dado que existen antecedentes lamentables relacionados a cr\u00edmenes pol\u00edticos.<\/p>\n\n\n\n<p>El s\u00e1bado 9 de diciembre, Gustavo Petro denunci\u00f3 una nueva amenaza de muerte en su contra y solicit\u00f3 a la Fiscal\u00eda iniciar una investigaci\u00f3n para determinar al autor de las amenazas.<\/p>\n\n\n\n<p>Al respecto, mediante el grupo de amenazas de la Direcci\u00f3n Especializada contra las Violaciones a los Derechos Humanos, la Fiscal\u00eda General de Colombia abri\u00f3 una \u201cnoticia criminal\u201d y anunci\u00f3 que adelantaba \u201clas labores investigativas para esclarecer los hechos\u201d.<\/p>\n\n\n\n<p>Precisamente, este domingo 10 de diciembre, el Ministerio P\u00fablico detall\u00f3 que identific\u00f3 al hombre que amenaz\u00f3 de muerte a Gustavo Petro -a trav\u00e9s de un video publicado en redes sociales- en la ciudad de Cali, ubicada en el departamento de Valle del Cauca.<\/p>\n\n\n\n<p>El individuo se identific\u00f3 como integrante de la banda armada Los Espartanos, que aterroriz\u00f3 a habitantes de la ciudad de Buenaventura. Adem\u00e1s de las amenazas de muerte contra el Presidente Gustavo Petro, admiti\u00f3 haber contratado a 70.000 hombres para dar un golpe de Estado, recoge la multiestatal <em>Telesur<\/em>.<\/p>\n\n\n\n<p>De acuerdo con informaci\u00f3n de la Fiscal\u00eda, se prev\u00e9 que el interrogatorio del sujeto en cuesti\u00f3n ocurra el mi\u00e9rcoles 13 de diciembre \u201ccon el fin de avanzar en el esclarecimiento de estos hechos y realizar la respectiva judicializaci\u00f3n\u201d.<\/p>\n\n\n\n<p><strong>Prensa Presidencial \/ Karelis Gonz\u00e1lez<\/strong><\/p>\n","protected":false},"excerpt":{"rendered":"<p>Palacio de Miraflores, Caracas.- En nombre de la Rep\u00fablica Bolivariana de Venezuela, el jefe de Estado y de Gobierno, Nicol\u00e1s Maduro, Nicol\u00e1s Maduro, rechaz\u00f3 \u2013de manera contundente- las amenazas p\u00fablicas contra la integridad f\u00edsica de su hom\u00f3logo de Colombia, Gustavo Petro, y su familia. \u201cPedimos a Dios que proteja al Presidente (Gustavo Petro), a su [&hellip;]<\/p>\n","protected":false},"author":4,"featured_media":10176,"comment_status":"open","ping_status":"open","sticky":false,"template":"","format":"standard","meta":{"footnotes":""},"categories":[18,7],"tags":[],"class_list":["post-10175","post","type-post","status-publish","format-standard","has-post-thumbnail","hentry","category-noticias-principales","category-notas-de-prensa"],"_links":{"self":[{"href":"https:\/\/prensapresidencialvenezuela.gob.ve\/index.php\/wp-json\/wp\/v2\/posts\/10175","targetHints":{"allow":["GET"]}}],"collection":[{"href":"https:\/\/prensapresidencialvenezuela.gob.ve\/index.php\/wp-json\/wp\/v2\/posts"}],"about":[{"href":"https:\/\/prensapresidencialvenezuela.gob.ve\/index.php\/wp-json\/wp\/v2\/types\/post"}],"author":[{"embeddable":true,"href":"https:\/\/prensapresidencialvenezuela.gob.ve\/index.php\/wp-json\/wp\/v2\/users\/4"}],"replies":[{"embeddable":true,"href":"https:\/\/prensapresidencialvenezuela.gob.ve\/index.php\/wp-json\/wp\/v2\/comments?post=10175"}],"version-history":[{"count":1,"href":"https:\/\/prensapresidencialvenezuela.gob.ve\/index.php\/wp-json\/wp\/v2\/posts\/10175\/revisions"}],"predecessor-version":[{"id":10177,"href":"https:\/\/prensapresidencialvenezuela.gob.ve\/index.php\/wp-json\/wp\/v2\/posts\/10175\/revisions\/10177"}],"wp:featuredmedia":[{"embeddable":true,"href":"https:\/\/prensapresidencialvenezuela.gob.ve\/index.php\/wp-json\/wp\/v2\/media\/10176"}],"wp:attachment":[{"href":"https:\/\/prensapresidencialvenezuela.gob.ve\/index.php\/wp-json\/wp\/v2\/media?parent=10175"}],"wp:term":[{"taxonomy":"category","embeddable":true,"href":"https:\/\/prensapresidencialvenezuela.gob.ve\/index.php\/wp-json\/wp\/v2\/categories?post=10175"},{"taxonomy":"post_tag","embeddable":true,"href":"https:\/\/prensapresidencialvenezuela.gob.ve\/index.php\/wp-json\/wp\/v2\/tags?post=10175"}],"curies":[{"name":"wp","href":"https:\/\/api.w.org\/{rel}","templated":true}]}}