{"id":10187,"date":"2023-12-11T14:07:00","date_gmt":"2023-12-11T18:07:00","guid":{"rendered":"http:\/\/172.27.0.121\/?p=10187"},"modified":"2024-04-23T14:08:11","modified_gmt":"2024-04-23T18:08:11","slug":"presidente-valora-reconocimiento-de-la-unesco-a-la-parranda-de-los-santos-inocentes-de-caucagua","status":"publish","type":"post","link":"https:\/\/prensapresidencialvenezuela.gob.ve\/index.php\/2023\/12\/11\/presidente-valora-reconocimiento-de-la-unesco-a-la-parranda-de-los-santos-inocentes-de-caucagua\/","title":{"rendered":"Presidente valora reconocimiento de la Unesco a la Parranda de los Santos Inocentes de Caucagua"},"content":{"rendered":"\n<p><strong>Palacio de Miraflores, Caracas. \u2013<\/strong>La Organizaci\u00f3n de las Naciones Unidas para la Educaci\u00f3n, la Ciencia y la Cultura (Unesco) declar\u00f3 a la Parranda de los Santos Inocentes de Caucagua como Patrimonio Inmaterial. Este lunes, el presidente Nicol\u00e1s Maduro recibi\u00f3 a los artistas que protagonizan esta festividad que se realiza desde hace m\u00e1s de 200 a\u00f1os los d\u00edas 27 y 28 de diciembre en los sectores de Pantoja y La L\u00ednea, pertenecientes al municipio Acevedo.<\/p>\n\n\n\n<p>\u201cAqu\u00ed est\u00e1n los nietos de los nietos de los nietos que con rebeld\u00eda y humor celebraban el D\u00eda de los Santos Inocentes\u201d, expres\u00f3 el jefe de Estado, al manifestar su alegr\u00eda ante el reconocimiento de la instancia internacional.<\/p>\n\n\n\n<p>El Programa para la Salvaguardia de los Bandos y Parrandas de los Santos Inocentes de Caucagua fue seleccionado en el Registro de buenas pr\u00e1cticas de salvaguardia del Patrimonio Inmaterial de la Organizaci\u00f3n de las Naciones Unidas para la Educaci\u00f3n, la Ciencia y la Cultura, en Botsuana, pa\u00eds al sur de \u00c1frica.<\/p>\n\n\n\n<p>La tradici\u00f3n consiste en que las mujeres se coloquen un saco, usen sombreros de colores y lleven en la mano un machete, simbolizando la superioridad ante los colonizadores.<\/p>\n\n\n\n<p>El presidente Maduro, en la edici\u00f3n 29 de Con Maduro +, subray\u00f3 que representa \u201calgo valios\u00edsimo\u201d este reconocimiento, al invitar a todos y todas a \u201cCaucagua, el 28 de diciembre para que disfruten el gran logro y victoria que hemos tenido al ser declarada patrimonio inmaterial de la humanidad\u201d.<\/p>\n\n\n\n<p><strong>Prensa Presidencial \/ Ana\u00eds P\u00e9rez<\/strong><\/p>\n","protected":false},"excerpt":{"rendered":"<p>Palacio de Miraflores, Caracas. \u2013La Organizaci\u00f3n de las Naciones Unidas para la Educaci\u00f3n, la Ciencia y la Cultura (Unesco) declar\u00f3 a la Parranda de los Santos Inocentes de Caucagua como Patrimonio Inmaterial. Este lunes, el presidente Nicol\u00e1s Maduro recibi\u00f3 a los artistas que protagonizan esta festividad que se realiza desde hace m\u00e1s de 200 a\u00f1os [&hellip;]<\/p>\n","protected":false},"author":4,"featured_media":10188,"comment_status":"open","ping_status":"open","sticky":false,"template":"","format":"standard","meta":{"footnotes":""},"categories":[18,7],"tags":[],"class_list":["post-10187","post","type-post","status-publish","format-standard","has-post-thumbnail","hentry","category-noticias-principales","category-notas-de-prensa"],"_links":{"self":[{"href":"https:\/\/prensapresidencialvenezuela.gob.ve\/index.php\/wp-json\/wp\/v2\/posts\/10187","targetHints":{"allow":["GET"]}}],"collection":[{"href":"https:\/\/prensapresidencialvenezuela.gob.ve\/index.php\/wp-json\/wp\/v2\/posts"}],"about":[{"href":"https:\/\/prensapresidencialvenezuela.gob.ve\/index.php\/wp-json\/wp\/v2\/types\/post"}],"author":[{"embeddable":true,"href":"https:\/\/prensapresidencialvenezuela.gob.ve\/index.php\/wp-json\/wp\/v2\/users\/4"}],"replies":[{"embeddable":true,"href":"https:\/\/prensapresidencialvenezuela.gob.ve\/index.php\/wp-json\/wp\/v2\/comments?post=10187"}],"version-history":[{"count":1,"href":"https:\/\/prensapresidencialvenezuela.gob.ve\/index.php\/wp-json\/wp\/v2\/posts\/10187\/revisions"}],"predecessor-version":[{"id":10189,"href":"https:\/\/prensapresidencialvenezuela.gob.ve\/index.php\/wp-json\/wp\/v2\/posts\/10187\/revisions\/10189"}],"wp:featuredmedia":[{"embeddable":true,"href":"https:\/\/prensapresidencialvenezuela.gob.ve\/index.php\/wp-json\/wp\/v2\/media\/10188"}],"wp:attachment":[{"href":"https:\/\/prensapresidencialvenezuela.gob.ve\/index.php\/wp-json\/wp\/v2\/media?parent=10187"}],"wp:term":[{"taxonomy":"category","embeddable":true,"href":"https:\/\/prensapresidencialvenezuela.gob.ve\/index.php\/wp-json\/wp\/v2\/categories?post=10187"},{"taxonomy":"post_tag","embeddable":true,"href":"https:\/\/prensapresidencialvenezuela.gob.ve\/index.php\/wp-json\/wp\/v2\/tags?post=10187"}],"curies":[{"name":"wp","href":"https:\/\/api.w.org\/{rel}","templated":true}]}}