{"id":10247,"date":"2023-12-18T14:58:00","date_gmt":"2023-12-18T18:58:00","guid":{"rendered":"http:\/\/172.27.0.121\/?p=10247"},"modified":"2024-04-23T15:00:02","modified_gmt":"2024-04-23T19:00:02","slug":"presidente-maduro-felicita-reeleccion-de-su-par-egipcio-y-la-califica-como-una-victoria-popular","status":"publish","type":"post","link":"https:\/\/prensapresidencialvenezuela.gob.ve\/index.php\/2023\/12\/18\/presidente-maduro-felicita-reeleccion-de-su-par-egipcio-y-la-califica-como-una-victoria-popular\/","title":{"rendered":"Presidente Maduro felicita reelecci\u00f3n de su par egipcio y la califica como una victoria popular"},"content":{"rendered":"\n<p><strong>Palacio de Miraflores, Caracas. \u2013 <\/strong>El presidente de la Rep\u00fablica \u00c1rabe Egipto, Abdelfatah al \u2013 Sisi, se asegur\u00f3 otro mandato hasta el a\u00f1o 2030, tras ganar los comicios presidenciales con el 89,6% de los votos. Tras esta contienda, el jefe de Estado venezolano, Nicol\u00e1s Maduro felicit\u00f3 la victoria de su par y la alcanzada por el pueblo egipcio.<\/p>\n\n\n\n<p>\u201cExtiendo mi abrazo y felicitaci\u00f3n a Abdelfatah al-Sisi que ha sido reelecto por tercera vez, una victoria popular que lo reviste como presidente de la Rep\u00fablica \u00c1rabe de Egipto. Cuenta con nuestro apoyo, respeto y cooperaci\u00f3n. Desde Venezuela deseamos que este nuevo mandato 2024 prosiga la v\u00eda del crecimiento, la prosperidad y Paz para tu pueblo. \u00a1Felicidades!\u201d, escribi\u00f3 el Mandatario venezolano a trav\u00e9s de su cuenta de la red social de X, @NicolasMaduro.<\/p>\n\n\n\n<p>Este lunes, la autoridad electoral egipcia anunci\u00f3 los resultados, en un proceso de votaci\u00f3n en la que 67 millones de egipcios estaban llamados a las urnas.<\/p>\n\n\n\n<p>El presidente venezolano y el egipcio coincidieron por \u00faltima en la 27 Conferencia de las Naciones Unidas sobre el Cambio Clim\u00e1tico de 2022, m\u00e1s com\u00fanmente conocida como COP 27, celebrada en noviembre de 2022, en Sharm El Sheikh, Egipto.<\/p>\n\n\n\n<p>Ambos mandatarios se han caracterizado por elevar su voz por la lucha contra el cambio clim\u00e1tico; de hecho, en calidad de anfitri\u00f3n, al-Sisi, en esa ocasi\u00f3n llam\u00f3 a los gobiernos del mundo a adoptar medidas m\u00e1s ambiciosas en la lucha contra la crisis clim\u00e1tica, desde el Centro Internacional de Convenciones de Sharm El Sheikh.<\/p>\n\n\n\n<p>El presidente egipcio subray\u00f3 que el mundo espera con impaciencia los resultados y poder \u201calcanzar un ambiente m\u00e1s sano con recursos que deber\u00edan ser m\u00e1s sostenibles\u201d.<\/p>\n\n\n\n<p><strong>Prensa Presidencial \/ Ana\u00eds P\u00e9rez<\/strong><\/p>\n","protected":false},"excerpt":{"rendered":"<p>Palacio de Miraflores, Caracas. \u2013 El presidente de la Rep\u00fablica \u00c1rabe Egipto, Abdelfatah al \u2013 Sisi, se asegur\u00f3 otro mandato hasta el a\u00f1o 2030, tras ganar los comicios presidenciales con el 89,6% de los votos. Tras esta contienda, el jefe de Estado venezolano, Nicol\u00e1s Maduro felicit\u00f3 la victoria de su par y la alcanzada por [&hellip;]<\/p>\n","protected":false},"author":4,"featured_media":10248,"comment_status":"open","ping_status":"open","sticky":false,"template":"","format":"standard","meta":{"footnotes":""},"categories":[18,7],"tags":[],"class_list":["post-10247","post","type-post","status-publish","format-standard","has-post-thumbnail","hentry","category-noticias-principales","category-notas-de-prensa"],"_links":{"self":[{"href":"https:\/\/prensapresidencialvenezuela.gob.ve\/index.php\/wp-json\/wp\/v2\/posts\/10247","targetHints":{"allow":["GET"]}}],"collection":[{"href":"https:\/\/prensapresidencialvenezuela.gob.ve\/index.php\/wp-json\/wp\/v2\/posts"}],"about":[{"href":"https:\/\/prensapresidencialvenezuela.gob.ve\/index.php\/wp-json\/wp\/v2\/types\/post"}],"author":[{"embeddable":true,"href":"https:\/\/prensapresidencialvenezuela.gob.ve\/index.php\/wp-json\/wp\/v2\/users\/4"}],"replies":[{"embeddable":true,"href":"https:\/\/prensapresidencialvenezuela.gob.ve\/index.php\/wp-json\/wp\/v2\/comments?post=10247"}],"version-history":[{"count":1,"href":"https:\/\/prensapresidencialvenezuela.gob.ve\/index.php\/wp-json\/wp\/v2\/posts\/10247\/revisions"}],"predecessor-version":[{"id":10249,"href":"https:\/\/prensapresidencialvenezuela.gob.ve\/index.php\/wp-json\/wp\/v2\/posts\/10247\/revisions\/10249"}],"wp:featuredmedia":[{"embeddable":true,"href":"https:\/\/prensapresidencialvenezuela.gob.ve\/index.php\/wp-json\/wp\/v2\/media\/10248"}],"wp:attachment":[{"href":"https:\/\/prensapresidencialvenezuela.gob.ve\/index.php\/wp-json\/wp\/v2\/media?parent=10247"}],"wp:term":[{"taxonomy":"category","embeddable":true,"href":"https:\/\/prensapresidencialvenezuela.gob.ve\/index.php\/wp-json\/wp\/v2\/categories?post=10247"},{"taxonomy":"post_tag","embeddable":true,"href":"https:\/\/prensapresidencialvenezuela.gob.ve\/index.php\/wp-json\/wp\/v2\/tags?post=10247"}],"curies":[{"name":"wp","href":"https:\/\/api.w.org\/{rel}","templated":true}]}}