{"id":10277,"date":"2023-12-18T15:21:00","date_gmt":"2023-12-18T19:21:00","guid":{"rendered":"http:\/\/172.27.0.121\/?p=10277"},"modified":"2024-04-23T15:24:35","modified_gmt":"2024-04-23T19:24:35","slug":"gran-mision-venezuela-bella-moderniza-espacios-culturales-y-de-recreacion-a-nivel-nacional","status":"publish","type":"post","link":"https:\/\/prensapresidencialvenezuela.gob.ve\/index.php\/2023\/12\/18\/gran-mision-venezuela-bella-moderniza-espacios-culturales-y-de-recreacion-a-nivel-nacional\/","title":{"rendered":"Gran Misi\u00f3n Venezuela Bella moderniza espacios culturales y de recreaci\u00f3n a nivel nacional"},"content":{"rendered":"\n<p><strong>Teatro Teresa Carre\u00f1o, Caracas.- <\/strong>Con la exposici\u00f3n&nbsp; \u201cVenezuela es arte\u201d, muestra su nueva cara la Galer\u00eda de Arte Nacional (GAN), as\u00ed lo dio a conocer el Presidente de la Rep\u00fablica Bolivariana de Venezuela, Nicol\u00e1s Maduro Moros, durante su espacio televisivo \u201cCon Maduro +\u201d, un esfuerzo que realiza el Gobierno Nacional a trav\u00e9s de la Gran Misi\u00f3n Venezuela Bella.<\/p>\n\n\n\n<p>Estos espacios rehabilitados para el disfrute de las familias venezolanas, en una primera etapa recibieron mantenimiento correctivo, recuperaci\u00f3n de m\u00e1s de 3 mil metros cuadrados;&nbsp; impermeabilizaci\u00f3n de 7 mil metros cuadrados en distintas \u00e1reas de la Galer\u00eda; recuperaci\u00f3n y mantenimiento de aires acondicionados; mantenimiento correctivo de 64 unidades de manejo de aire; atenci\u00f3n a la iluminaci\u00f3n; tratamiento a pisos de granito.<\/p>\n\n\n\n<p>Con 192 obras expuestas de la talla de artistas nacionales como C\u00e9sar Rengifo, Armando Rever\u00f3n, Cruz Diez, Alejandro Otero y Tito Salas, con la recuperaci\u00f3n de sus espacios la (GAN) eleva el nivel para competir con otras a nivel mundial y promete una experiencia satisfactoria y enriquecedora para el disfrute del arte en el pa\u00eds.<\/p>\n\n\n\n<p>As\u00ed mismo, la Gran Misi\u00f3n Venezuela Bella, se ha enfocado en la rehabilitaci\u00f3n de otras instalaciones pertenecientes al Sistema de Museos como el de Ciencias, Bellas Artes, Alejandro Otero, Michelena, Cruz Diez y el Museo de Arquitectura, en Caracas.<\/p>\n\n\n\n<p>A nivel regional se ejecutan los trabajos en el museo de los llanos, en Barinas, el Museo de Valencia, el Museo de Calabozo y el Jes\u00fas Soto en Bol\u00edvar.<\/p>\n\n\n\n<p>En este marco, el Mandatario nacional asegur\u00f3 que no hay excusas para no cumplir con el trabajo y elevar la calidad de vida del pueblo.<\/p>\n\n\n\n<p>\u201cNo hay excusa, yo siempre digo:&nbsp; el peor bloqueo no es el bloqueo del imperialismo criminal, el peor bloqueo que puede pasar es el bloqueo mental de funcionarios negligentes, que dejen perder instalaciones que dejen de perder cosas siempre se puede parir, siempre se puede con un poquito aqu\u00ed, un poquito all\u00e1, con amor\u201d.<\/p>\n\n\n\n<p>Expres\u00f3 tambi\u00e9n que \u201cla cultura es el alma de un pa\u00eds, de una civilizaci\u00f3n, de un pueblo y nuestra cultura tiene que fortalecerse, cada vez ser m\u00e1s poderosa en su diversidad integrada\u201d.<\/p>\n\n\n\n<p>Por otra parte, la Misi\u00f3n Venezuela Bella, tambi\u00e9n hizo posible en conjunto con la estructura de Gobierno nacional y regional, la inauguraci\u00f3n de la Plaza de los Libertadores, ubicada en el estado Anzo\u00e1tegui, la m\u00e1s grande del pa\u00eds, con 40 mil metros cuadrados y es una de las 10 plazas m\u00e1s grandes de Latinoam\u00e9rica y el Caribe. Est\u00e1 conformada por las plazas Bol\u00edvar, Miranda, Hugo Ch\u00e1vez, Bicentenario de Carabobo y la casa fuerte de Barcelona, en un complejo que va dirigido al disfrute de la historia y la cultura.<\/p>\n\n\n\n<p>Desde la entidad oriental, el gobernador Luis Jos\u00e9 Marcano, asegur\u00f3 que la obra va a permitir la expansi\u00f3n del turismo en la regi\u00f3n, adem\u00e1s impulsar las actividades de los emprendedores y emprendedoras.<\/p>\n\n\n\n<p>\u201cPotenciar a distintas organizaciones de emprendedores, emprendedoras, viene a potenciar un espacio para nuestra juventud, podemos ver ahora a nuestros j\u00f3venes practicando los llamados deportes extremos un skate para en este espacio que ahora est\u00e1 al servicio de esos ni\u00f1os, esas ni\u00f1as, estos j\u00f3venes\u201d, se\u00f1al\u00f3.<\/p>\n\n\n\n<p>Marcano di\u00f3 a conocer tambi\u00e9n que en un 80% avanza la construcci\u00f3n del Parque Mirador Jos\u00e9 Antonio Anzo\u00e1tegui en Ciudad Orinoco, adem\u00e1s se adelanta la construcci\u00f3n del Museo del Petr\u00f3leo en Anaco e inform\u00f3 que en el primer trimestre del a\u00f1o 2024 mostrar\u00e1 los avances de ambos proyectos.<\/p>\n\n\n\n<p>Mientras tanto en San Felipe, en el estado Yaracuy, se entreg\u00f3 la plaza n\u00famero 1.063, rehabilitada y ampliada, se trata de la Plaza Te\u00f3filo Dom\u00ednguez. De igual forma,&nbsp; el 2 de diciembre fue reinaugurado el Museo Carmelo Fern\u00e1ndez y el domingo pasado ocurri\u00f3 lo propio con la Casa Bol\u00edvar en Aroa.<\/p>\n\n\n\n<p>Al respecto, el Jefe de Estado enalteci\u00f3 la labor que se realiza a nivel nacional desde la Gran Misi\u00f3n Venezuela Bella.<\/p>\n\n\n\n<p>\u201cImpresionante el trabajo que se hace y que hay que mostrar, mostrar por redes, calles, medios y paredes y adem\u00e1s son espacios p\u00fablicos para el disfrute de la juventud, de la familia\u201d (\u2026) \u201cHay que verle la cara, para pasar m\u00e1s de mil plazas y convertirlas en bulevares, en sitios de encuentro\u201d, destac\u00f3.<\/p>\n\n\n\n<p><strong>Prensa Presidencial \/ Mar\u00eda Mercedes Noguera<\/strong><\/p>\n","protected":false},"excerpt":{"rendered":"<p>Teatro Teresa Carre\u00f1o, Caracas.- Con la exposici\u00f3n&nbsp; \u201cVenezuela es arte\u201d, muestra su nueva cara la Galer\u00eda de Arte Nacional (GAN), as\u00ed lo dio a conocer el Presidente de la Rep\u00fablica Bolivariana de Venezuela, Nicol\u00e1s Maduro Moros, durante su espacio televisivo \u201cCon Maduro +\u201d, un esfuerzo que realiza el Gobierno Nacional a trav\u00e9s de la Gran [&hellip;]<\/p>\n","protected":false},"author":4,"featured_media":10278,"comment_status":"open","ping_status":"open","sticky":false,"template":"","format":"standard","meta":{"footnotes":""},"categories":[18,7],"tags":[],"class_list":["post-10277","post","type-post","status-publish","format-standard","has-post-thumbnail","hentry","category-noticias-principales","category-notas-de-prensa"],"_links":{"self":[{"href":"https:\/\/prensapresidencialvenezuela.gob.ve\/index.php\/wp-json\/wp\/v2\/posts\/10277","targetHints":{"allow":["GET"]}}],"collection":[{"href":"https:\/\/prensapresidencialvenezuela.gob.ve\/index.php\/wp-json\/wp\/v2\/posts"}],"about":[{"href":"https:\/\/prensapresidencialvenezuela.gob.ve\/index.php\/wp-json\/wp\/v2\/types\/post"}],"author":[{"embeddable":true,"href":"https:\/\/prensapresidencialvenezuela.gob.ve\/index.php\/wp-json\/wp\/v2\/users\/4"}],"replies":[{"embeddable":true,"href":"https:\/\/prensapresidencialvenezuela.gob.ve\/index.php\/wp-json\/wp\/v2\/comments?post=10277"}],"version-history":[{"count":1,"href":"https:\/\/prensapresidencialvenezuela.gob.ve\/index.php\/wp-json\/wp\/v2\/posts\/10277\/revisions"}],"predecessor-version":[{"id":10279,"href":"https:\/\/prensapresidencialvenezuela.gob.ve\/index.php\/wp-json\/wp\/v2\/posts\/10277\/revisions\/10279"}],"wp:featuredmedia":[{"embeddable":true,"href":"https:\/\/prensapresidencialvenezuela.gob.ve\/index.php\/wp-json\/wp\/v2\/media\/10278"}],"wp:attachment":[{"href":"https:\/\/prensapresidencialvenezuela.gob.ve\/index.php\/wp-json\/wp\/v2\/media?parent=10277"}],"wp:term":[{"taxonomy":"category","embeddable":true,"href":"https:\/\/prensapresidencialvenezuela.gob.ve\/index.php\/wp-json\/wp\/v2\/categories?post=10277"},{"taxonomy":"post_tag","embeddable":true,"href":"https:\/\/prensapresidencialvenezuela.gob.ve\/index.php\/wp-json\/wp\/v2\/tags?post=10277"}],"curies":[{"name":"wp","href":"https:\/\/api.w.org\/{rel}","templated":true}]}}