{"id":10286,"date":"2023-12-20T15:27:00","date_gmt":"2023-12-20T19:27:00","guid":{"rendered":"http:\/\/172.27.0.121\/?p=10286"},"modified":"2024-04-23T15:28:33","modified_gmt":"2024-04-23T19:28:33","slug":"despacho-1-del-palacio-de-miraflores-escenario-del-encuentro-entre-maduro-y-saab","status":"publish","type":"post","link":"https:\/\/prensapresidencialvenezuela.gob.ve\/index.php\/2023\/12\/20\/despacho-1-del-palacio-de-miraflores-escenario-del-encuentro-entre-maduro-y-saab\/","title":{"rendered":"Despacho 1 del Palacio de Miraflores, escenario del encuentro entre Maduro y Saab"},"content":{"rendered":"\n<p><strong>Palacio de Miraflores, Caracas.- <\/strong>El presidente de la Rep\u00fablica Bolivariana de Venezuela, Nicol\u00e1s Maduro Moros, se re\u00fane en el Despacho 1 del Palacio de Miraflores con el diplom\u00e1tico venezolano, Alex Saab, y su familia.<\/p>\n\n\n\n<p>Tras m\u00e1s de 1.280 d\u00edas de injusto secuestro en un centro de reclusi\u00f3n estadounidense, el diplom\u00e1tico venezolano Alex Saab arrib\u00f3 este mi\u00e9rcoles al Aeropuerto Internacional de Maiquet\u00eda Sim\u00f3n Bol\u00edvar, ubicado en el estado La Guaira.<\/p>\n\n\n\n<p>\u201cEs un tiempo de reivindicaci\u00f3n de la verdad. No pudo el odio, la venganza y la mentira. No pudo hoy ni podr\u00e1 jam\u00e1s con nosotros ni el odio, ni el fascismo, ni la persecuci\u00f3n\u00bb, expres\u00f3 el Jefe de Estado al ofrecer palabras de bienvenida a Saab.<\/p>\n\n\n\n<p>Asimismo, el presidente Maduro enfatiz\u00f3 que el pueblo venezolano celebrar\u00e1 por todo lo alto esta libertad que ha sido lograda en base a la verdad.<\/p>\n\n\n\n<p>Acompa\u00f1an al Dignatario venezolano en este emotivo encuentro, la primera combatiente de la Rep\u00fablica, Cilia Flores, el presidente de la Asamblea Nacional, Jorge Rodr\u00edguez, la esposa del diplom\u00e1tico y l\u00edder del Movimiento Free Alex Saab, Camila Fabri, entre otros familiares, amigos y representantes del Gobierno Bolivariano.<\/p>\n\n\n\n<p><strong>Prensa Presidencial<\/strong><\/p>\n","protected":false},"excerpt":{"rendered":"<p>Palacio de Miraflores, Caracas.- El presidente de la Rep\u00fablica Bolivariana de Venezuela, Nicol\u00e1s Maduro Moros, se re\u00fane en el Despacho 1 del Palacio de Miraflores con el diplom\u00e1tico venezolano, Alex Saab, y su familia. Tras m\u00e1s de 1.280 d\u00edas de injusto secuestro en un centro de reclusi\u00f3n estadounidense, el diplom\u00e1tico venezolano Alex Saab arrib\u00f3 este [&hellip;]<\/p>\n","protected":false},"author":4,"featured_media":10287,"comment_status":"open","ping_status":"open","sticky":false,"template":"","format":"standard","meta":{"footnotes":""},"categories":[18,7],"tags":[],"class_list":["post-10286","post","type-post","status-publish","format-standard","has-post-thumbnail","hentry","category-noticias-principales","category-notas-de-prensa"],"_links":{"self":[{"href":"https:\/\/prensapresidencialvenezuela.gob.ve\/index.php\/wp-json\/wp\/v2\/posts\/10286","targetHints":{"allow":["GET"]}}],"collection":[{"href":"https:\/\/prensapresidencialvenezuela.gob.ve\/index.php\/wp-json\/wp\/v2\/posts"}],"about":[{"href":"https:\/\/prensapresidencialvenezuela.gob.ve\/index.php\/wp-json\/wp\/v2\/types\/post"}],"author":[{"embeddable":true,"href":"https:\/\/prensapresidencialvenezuela.gob.ve\/index.php\/wp-json\/wp\/v2\/users\/4"}],"replies":[{"embeddable":true,"href":"https:\/\/prensapresidencialvenezuela.gob.ve\/index.php\/wp-json\/wp\/v2\/comments?post=10286"}],"version-history":[{"count":1,"href":"https:\/\/prensapresidencialvenezuela.gob.ve\/index.php\/wp-json\/wp\/v2\/posts\/10286\/revisions"}],"predecessor-version":[{"id":10288,"href":"https:\/\/prensapresidencialvenezuela.gob.ve\/index.php\/wp-json\/wp\/v2\/posts\/10286\/revisions\/10288"}],"wp:featuredmedia":[{"embeddable":true,"href":"https:\/\/prensapresidencialvenezuela.gob.ve\/index.php\/wp-json\/wp\/v2\/media\/10287"}],"wp:attachment":[{"href":"https:\/\/prensapresidencialvenezuela.gob.ve\/index.php\/wp-json\/wp\/v2\/media?parent=10286"}],"wp:term":[{"taxonomy":"category","embeddable":true,"href":"https:\/\/prensapresidencialvenezuela.gob.ve\/index.php\/wp-json\/wp\/v2\/categories?post=10286"},{"taxonomy":"post_tag","embeddable":true,"href":"https:\/\/prensapresidencialvenezuela.gob.ve\/index.php\/wp-json\/wp\/v2\/tags?post=10286"}],"curies":[{"name":"wp","href":"https:\/\/api.w.org\/{rel}","templated":true}]}}