{"id":1030,"date":"2022-01-30T17:47:00","date_gmt":"2022-01-30T17:47:00","guid":{"rendered":"http:\/\/172.27.0.121\/?p=1030"},"modified":"2022-06-01T17:49:14","modified_gmt":"2022-06-01T17:49:14","slug":"mision-venezuela-bella-rehabilita-espacios-en-bolivar-y-yaracuy","status":"publish","type":"post","link":"https:\/\/prensapresidencialvenezuela.gob.ve\/index.php\/2022\/01\/30\/mision-venezuela-bella-rehabilita-espacios-en-bolivar-y-yaracuy\/","title":{"rendered":"Misi\u00f3n Venezuela Bella rehabilita espacios en Bol\u00edvar y Yaracuy"},"content":{"rendered":"\n<p><strong>Universidad Central de Venezuela, Caracas.\u2013<\/strong> En el marco la Celebraci\u00f3n del 3\u00b0 Aniversario de la Misi\u00f3n Venezuela Bella, fue presentado un balance de la rehabilitaci\u00f3n de espacios culturales, deportivos, parques y bibliotecas en los estados Bol\u00edvar y Yaracuy.<\/p>\n\n\n\n<p>Desde el estado Bol\u00edvar, el gobernador \u00c1ngel Marcano detall\u00f3 que han sido realizadas m\u00e1s de 31 obras, destacando que en la entidad fueron rehabilitados la Plaza Bicentenario, la Avenida 5 de Julio y el parque Ruiz Pineda.<\/p>\n\n\n\n<p>Los trabajos realizados dieron como resultado la recuperaci\u00f3n total de canchas deportivas de f\u00fatbol, basquetbol, tenis, caminerias, ciclo v\u00edas.<\/p>\n\n\n\n<p>Cabe destacar que en los trabajos participaron cultores que fomentan la identidad regional.<\/p>\n\n\n\n<p>En tanto que en el estado Yaracuy, el alcalde del municipio Veroes, Leonardo Machado puntualiz\u00f3 que las obras rehabilitadas en la jurisdicci\u00f3n fueron la Biblioteca Sim\u00f3n Rodr\u00edguez, la Plaza Bol\u00edvar y la cancha del Centro Cultural Andr\u00e9s Bello.<\/p>\n\n\n\n<p>Enfatiz\u00f3 que fueron invertidos m\u00e1s de 90 Petros favoreciendo a m\u00e1s de 3.000 familias que disfrutaran de estas \u00e1reas para su esparcimiento.<\/p>\n\n\n\n<p>Por su parte, la vicepresidenta Ejecutiva, Delcy Rodr\u00edguez a\u00f1adi\u00f3 que \u201c629 proyectos fueron ejecutados por la comunidad durante el a\u00f1o 2021\u201d y m\u00e1s de 3.500 espacios han sido recuperados por la Misi\u00f3n Venezuela Bella.<\/p>\n\n\n\n<p>La informaci\u00f3n fue dada a conocer durante una jornada de trabajo liderada por la Vicepresidenta Ejecutiva desde los espacios abiertos de la Universidad Central de Venezuela, en la ciudad de Caracas.<\/p>\n\n\n\n<p><strong>Prensa Presidencial\/Eduardo Hueck<\/strong><\/p>\n","protected":false},"excerpt":{"rendered":"<p>Universidad Central de Venezuela, Caracas.\u2013 En el marco la Celebraci\u00f3n del 3\u00b0 Aniversario de la Misi\u00f3n Venezuela Bella, fue presentado un balance de la rehabilitaci\u00f3n de espacios culturales, deportivos, parques y bibliotecas en los estados Bol\u00edvar y Yaracuy. Desde el estado Bol\u00edvar, el gobernador \u00c1ngel Marcano detall\u00f3 que han sido realizadas m\u00e1s de 31 obras, [&hellip;]<\/p>\n","protected":false},"author":6,"featured_media":1031,"comment_status":"open","ping_status":"open","sticky":false,"template":"","format":"standard","meta":{"footnotes":""},"categories":[7],"tags":[],"class_list":["post-1030","post","type-post","status-publish","format-standard","has-post-thumbnail","hentry","category-notas-de-prensa"],"_links":{"self":[{"href":"https:\/\/prensapresidencialvenezuela.gob.ve\/index.php\/wp-json\/wp\/v2\/posts\/1030","targetHints":{"allow":["GET"]}}],"collection":[{"href":"https:\/\/prensapresidencialvenezuela.gob.ve\/index.php\/wp-json\/wp\/v2\/posts"}],"about":[{"href":"https:\/\/prensapresidencialvenezuela.gob.ve\/index.php\/wp-json\/wp\/v2\/types\/post"}],"author":[{"embeddable":true,"href":"https:\/\/prensapresidencialvenezuela.gob.ve\/index.php\/wp-json\/wp\/v2\/users\/6"}],"replies":[{"embeddable":true,"href":"https:\/\/prensapresidencialvenezuela.gob.ve\/index.php\/wp-json\/wp\/v2\/comments?post=1030"}],"version-history":[{"count":1,"href":"https:\/\/prensapresidencialvenezuela.gob.ve\/index.php\/wp-json\/wp\/v2\/posts\/1030\/revisions"}],"predecessor-version":[{"id":1032,"href":"https:\/\/prensapresidencialvenezuela.gob.ve\/index.php\/wp-json\/wp\/v2\/posts\/1030\/revisions\/1032"}],"wp:featuredmedia":[{"embeddable":true,"href":"https:\/\/prensapresidencialvenezuela.gob.ve\/index.php\/wp-json\/wp\/v2\/media\/1031"}],"wp:attachment":[{"href":"https:\/\/prensapresidencialvenezuela.gob.ve\/index.php\/wp-json\/wp\/v2\/media?parent=1030"}],"wp:term":[{"taxonomy":"category","embeddable":true,"href":"https:\/\/prensapresidencialvenezuela.gob.ve\/index.php\/wp-json\/wp\/v2\/categories?post=1030"},{"taxonomy":"post_tag","embeddable":true,"href":"https:\/\/prensapresidencialvenezuela.gob.ve\/index.php\/wp-json\/wp\/v2\/tags?post=1030"}],"curies":[{"name":"wp","href":"https:\/\/api.w.org\/{rel}","templated":true}]}}