{"id":10347,"date":"2023-12-28T16:03:00","date_gmt":"2023-12-28T20:03:00","guid":{"rendered":"http:\/\/172.27.0.121\/?p=10347"},"modified":"2024-04-23T16:05:10","modified_gmt":"2024-04-23T20:05:10","slug":"alex-saab-buscaban-colapsar-al-gobierno-bolivariano-con-las-sanciones-y-el-bloqueo","status":"publish","type":"post","link":"https:\/\/prensapresidencialvenezuela.gob.ve\/index.php\/2023\/12\/28\/alex-saab-buscaban-colapsar-al-gobierno-bolivariano-con-las-sanciones-y-el-bloqueo\/","title":{"rendered":"Alex Saab: Buscaban colapsar al Gobierno Bolivariano con las sanciones y el bloqueo"},"content":{"rendered":"\n<p><strong>Palacio de Miraflores, Caracas.- <\/strong>\u201cEllos me dec\u00edan, tienes que llamar a los proveedores, tienes que decirle que a nadie le van a pagar, tienes que decirle que los van a sancionar, tienes que darnos las rutas, los nombres de las empresas, todo, porque hay que hacer colapsar, esa era la palabra favorita de ellos, hay que hacer colapsar al Gobierno\u201d.<\/p>\n\n\n\n<p>Las palabras corresponden al diplom\u00e1tico Alex Saab, quien asegur\u00f3 que durante su secuestro, el gobierno de los Estados Unidos buscaba hacer colapsar distintos sectores de Venezuela con la imposici\u00f3n de medidas coercitivas unilaterales y el bloqueo a la econom\u00eda del pa\u00eds.<\/p>\n\n\n\n<p>\u201cYo recuerdo que les dec\u00eda, pero si estamos en pleno Covid, y ustedes quieren cortar todo, pueden haber miles de muertos. Me dec\u00edan que no importaba, que el fin era lograr un cambio de gobierno\u201d, recuerda Saab.<\/p>\n\n\n\n<p>Al respecto, se\u00f1al\u00f3 que su convicci\u00f3n&nbsp; pol\u00edtica le permiti\u00f3 mantener su moral y compromiso por la Revoluci\u00f3n Bolivariana.<\/p>\n\n\n\n<p>\u201cLleg\u00f3 un punto donde pretend\u00edan que yo mintiera y lo que me dec\u00edan muy claramente era, ya no hay tiempo, nosotros vamos a invadir. Nosotros necesitamos que t\u00fa des unas declaraciones y Juan Guaid\u00f3 va a pedir intervenci\u00f3n militar\u201d, apunt\u00f3 el Diplom\u00e1tico.<\/p>\n\n\n\n<p>De igual manera, apunt\u00f3 que buscaban detener el abastecimiento de medicina, gasolina y alimentos durante la pandemia por el COVID-19 en el a\u00f1o 2020.<\/p>\n\n\n\n<p>En este sentido, el presidente de la Rep\u00fablica, Nicol\u00e1s Maduro Moros, reconoci\u00f3 la resistencia de Saab, al tiempo que asegur\u00f3 que su acciones diplom\u00e1ticas permitieron \u201csalvar vidas y estabilizar a Venezuela\u201d.<\/p>\n\n\n\n<p>\u201cNuestro pueblo aplaudiendo y agradeciendo todas esas acciones. Y muchas veces inclusive sin saber de d\u00f3nde ven\u00edan, porque eso es una cosa an\u00f3nima. T\u00fa estabas all\u00e1 resistiendo con tu conciencia, con tu espiritualidad, y nuestro pueblo aqu\u00ed estaba tambi\u00e9n resistiendo\u201d, expres\u00f3 el Mandatario durante la tercera edici\u00f3n de \u201cMaduro Podcast\u201d.<\/p>\n\n\n\n<p>El diplom\u00e1tico venezolano Alex Saab, estuvo injustamente secuestrado m\u00e1s de 1.280 d\u00edas en un centro de reclusi\u00f3n estadounidense, mientras se encontraba realizando gestiones para la adquisici\u00f3n de alimentos, medicamentos y equipos m\u00e9dicos como enviado especial del Gobierno Bolivariano.<\/p>\n\n\n\n<p><strong>Prensa Presidencial \/ Joelin Jim\u00e9nez<\/strong><\/p>\n","protected":false},"excerpt":{"rendered":"<p>Palacio de Miraflores, Caracas.- \u201cEllos me dec\u00edan, tienes que llamar a los proveedores, tienes que decirle que a nadie le van a pagar, tienes que decirle que los van a sancionar, tienes que darnos las rutas, los nombres de las empresas, todo, porque hay que hacer colapsar, esa era la palabra favorita de ellos, hay [&hellip;]<\/p>\n","protected":false},"author":4,"featured_media":10348,"comment_status":"open","ping_status":"open","sticky":false,"template":"","format":"standard","meta":{"footnotes":""},"categories":[18,7],"tags":[],"class_list":["post-10347","post","type-post","status-publish","format-standard","has-post-thumbnail","hentry","category-noticias-principales","category-notas-de-prensa"],"_links":{"self":[{"href":"https:\/\/prensapresidencialvenezuela.gob.ve\/index.php\/wp-json\/wp\/v2\/posts\/10347","targetHints":{"allow":["GET"]}}],"collection":[{"href":"https:\/\/prensapresidencialvenezuela.gob.ve\/index.php\/wp-json\/wp\/v2\/posts"}],"about":[{"href":"https:\/\/prensapresidencialvenezuela.gob.ve\/index.php\/wp-json\/wp\/v2\/types\/post"}],"author":[{"embeddable":true,"href":"https:\/\/prensapresidencialvenezuela.gob.ve\/index.php\/wp-json\/wp\/v2\/users\/4"}],"replies":[{"embeddable":true,"href":"https:\/\/prensapresidencialvenezuela.gob.ve\/index.php\/wp-json\/wp\/v2\/comments?post=10347"}],"version-history":[{"count":1,"href":"https:\/\/prensapresidencialvenezuela.gob.ve\/index.php\/wp-json\/wp\/v2\/posts\/10347\/revisions"}],"predecessor-version":[{"id":10349,"href":"https:\/\/prensapresidencialvenezuela.gob.ve\/index.php\/wp-json\/wp\/v2\/posts\/10347\/revisions\/10349"}],"wp:featuredmedia":[{"embeddable":true,"href":"https:\/\/prensapresidencialvenezuela.gob.ve\/index.php\/wp-json\/wp\/v2\/media\/10348"}],"wp:attachment":[{"href":"https:\/\/prensapresidencialvenezuela.gob.ve\/index.php\/wp-json\/wp\/v2\/media?parent=10347"}],"wp:term":[{"taxonomy":"category","embeddable":true,"href":"https:\/\/prensapresidencialvenezuela.gob.ve\/index.php\/wp-json\/wp\/v2\/categories?post=10347"},{"taxonomy":"post_tag","embeddable":true,"href":"https:\/\/prensapresidencialvenezuela.gob.ve\/index.php\/wp-json\/wp\/v2\/tags?post=10347"}],"curies":[{"name":"wp","href":"https:\/\/api.w.org\/{rel}","templated":true}]}}