{"id":10354,"date":"2023-12-28T16:08:00","date_gmt":"2023-12-28T20:08:00","guid":{"rendered":"http:\/\/172.27.0.121\/?p=10354"},"modified":"2024-04-23T16:09:30","modified_gmt":"2024-04-23T20:09:30","slug":"presidente-denuncia-captacion-de-figuras-de-izquierda-para-validar-campana-contra-alex-saab","status":"publish","type":"post","link":"https:\/\/prensapresidencialvenezuela.gob.ve\/index.php\/2023\/12\/28\/presidente-denuncia-captacion-de-figuras-de-izquierda-para-validar-campana-contra-alex-saab\/","title":{"rendered":"Presidente denuncia captaci\u00f3n de figuras de izquierda para validar campa\u00f1a contra Alex Saab"},"content":{"rendered":"\n<p><strong>Palacio de Miraflores, Caracas.-<\/strong> En su af\u00e1n por dividir a las fuerzas revolucionarias, quienes persegu\u00edan al diplom\u00e1tico Alex Saab intentaron captar a \u00absupuestas figuras de izquierda para validar la campa\u00f1a sucia\u00bb contra el Enviado Especial que permaneci\u00f3 1.286 ilegalmente encarcelado.<\/p>\n\n\n\n<p>La afirmaci\u00f3n corresponde al presidente de la Rep\u00fablica, Nicol\u00e1s Maduro, quien se\u00f1al\u00f3 que sectores extremistas nacionales e internacionales \u00abnecesitaban gente para confundir\u00bb ante la inobjetable inocencia de Alex Saab, cuyo \u00fanico delito \u00abfue traerle al pueblo venezolano lo que el imperio le quer\u00eda negar\u00bb.<\/p>\n\n\n\n<p>\u00abYo tengo que decirlo aqu\u00ed, en este podcast, no solo la derecha maltrecha, no solo desde Estados Unidos tambi\u00e9n buscaron a supuestas figuras de izquierda para que utilizaran su Twitter (ahora X) y sus redes sociales para validar la campa\u00f1a sucia contra Alex\u00bb, revel\u00f3 durante el tercer episodio de Maduro Podcast, moderado por el Jefe de Estado, Nicol\u00e1s Maduro, y la primera combatiente,&nbsp; Cilia Flores de Maduro.<\/p>\n\n\n\n<p>En esta estrategia de descr\u00e9dito contra Alex Saab, tambi\u00e9n se emple\u00f3 a figuras reconocidas para sumar voces que trastocaran la voluntad de los movimientos sociales que defienden la causa de Alex Saab.<\/p>\n\n\n\n<p>\u00abUtilizaron nombres de famosos, no voy a decir ninguno (\u2026) Fracasaron tambi\u00e9n ustedes, traidores, que prestaron su Twitter y sus redes sociales para validar la campa\u00f1a inmunda para aplastar a un ser humano valiente. Al final triunfa la verdad\u00bb, asever\u00f3.<\/p>\n\n\n\n<p><strong>Prensa Presidencial \/ Karelis Gonz\u00e1lez<\/strong><\/p>\n","protected":false},"excerpt":{"rendered":"<p>Palacio de Miraflores, Caracas.- En su af\u00e1n por dividir a las fuerzas revolucionarias, quienes persegu\u00edan al diplom\u00e1tico Alex Saab intentaron captar a \u00absupuestas figuras de izquierda para validar la campa\u00f1a sucia\u00bb contra el Enviado Especial que permaneci\u00f3 1.286 ilegalmente encarcelado. La afirmaci\u00f3n corresponde al presidente de la Rep\u00fablica, Nicol\u00e1s Maduro, quien se\u00f1al\u00f3 que sectores extremistas [&hellip;]<\/p>\n","protected":false},"author":4,"featured_media":10355,"comment_status":"open","ping_status":"open","sticky":false,"template":"","format":"standard","meta":{"footnotes":""},"categories":[18,7],"tags":[],"class_list":["post-10354","post","type-post","status-publish","format-standard","has-post-thumbnail","hentry","category-noticias-principales","category-notas-de-prensa"],"_links":{"self":[{"href":"https:\/\/prensapresidencialvenezuela.gob.ve\/index.php\/wp-json\/wp\/v2\/posts\/10354","targetHints":{"allow":["GET"]}}],"collection":[{"href":"https:\/\/prensapresidencialvenezuela.gob.ve\/index.php\/wp-json\/wp\/v2\/posts"}],"about":[{"href":"https:\/\/prensapresidencialvenezuela.gob.ve\/index.php\/wp-json\/wp\/v2\/types\/post"}],"author":[{"embeddable":true,"href":"https:\/\/prensapresidencialvenezuela.gob.ve\/index.php\/wp-json\/wp\/v2\/users\/4"}],"replies":[{"embeddable":true,"href":"https:\/\/prensapresidencialvenezuela.gob.ve\/index.php\/wp-json\/wp\/v2\/comments?post=10354"}],"version-history":[{"count":1,"href":"https:\/\/prensapresidencialvenezuela.gob.ve\/index.php\/wp-json\/wp\/v2\/posts\/10354\/revisions"}],"predecessor-version":[{"id":10356,"href":"https:\/\/prensapresidencialvenezuela.gob.ve\/index.php\/wp-json\/wp\/v2\/posts\/10354\/revisions\/10356"}],"wp:featuredmedia":[{"embeddable":true,"href":"https:\/\/prensapresidencialvenezuela.gob.ve\/index.php\/wp-json\/wp\/v2\/media\/10355"}],"wp:attachment":[{"href":"https:\/\/prensapresidencialvenezuela.gob.ve\/index.php\/wp-json\/wp\/v2\/media?parent=10354"}],"wp:term":[{"taxonomy":"category","embeddable":true,"href":"https:\/\/prensapresidencialvenezuela.gob.ve\/index.php\/wp-json\/wp\/v2\/categories?post=10354"},{"taxonomy":"post_tag","embeddable":true,"href":"https:\/\/prensapresidencialvenezuela.gob.ve\/index.php\/wp-json\/wp\/v2\/tags?post=10354"}],"curies":[{"name":"wp","href":"https:\/\/api.w.org\/{rel}","templated":true}]}}