{"id":10372,"date":"2023-12-31T16:16:00","date_gmt":"2023-12-31T20:16:00","guid":{"rendered":"http:\/\/172.27.0.121\/?p=10372"},"modified":"2024-04-23T16:18:09","modified_gmt":"2024-04-23T20:18:09","slug":"mas-del-60-de-las-vocerias-de-los-consejos-comunales-y-comunas-renovados-en-el-2023","status":"publish","type":"post","link":"https:\/\/prensapresidencialvenezuela.gob.ve\/index.php\/2023\/12\/31\/mas-del-60-de-las-vocerias-de-los-consejos-comunales-y-comunas-renovados-en-el-2023\/","title":{"rendered":"M\u00e1s del 60% de las vocer\u00edas de los Consejos Comunales y Comunas renovados en el 2023"},"content":{"rendered":"\n<p><strong>Palacio de Miraflores, Caracas.<\/strong>\u2013 En el 2023 Venezuela ampli\u00f3 la presencia del Poder Popular en todas las instancias del Gobierno, para que \u00abel pueblo sea protagonista, sea participe de las transformaciones de su realidad inmediata\u201d, refiri\u00f3 el presidente de la Rep\u00fablica, Nicol\u00e1s Maduro.<\/p>\n\n\n\n<p>Como logro directo, indic\u00f3 que en el 2023 se renovaron m\u00e1s del 60\u2019% de las vocer\u00edas de los Consejos Comunales y Comunas del pa\u00eds. Se conformaron Zonas Econ\u00f3micas vinculadas al Poder Comunal. adem\u00e1s, se logr\u00f3 que se sumaran m\u00e1s de 15 nuevos movimientos sociales al Congreso de la Nueva \u00e9poca para completar un n\u00famero de 43 poderosos movimientos sociales al frente del Congreso de la Nueva \u00c9poca.<\/p>\n\n\n\n<p>El Presidente Maduro insisti\u00f3 en que esta es la base de nuestro modelo democr\u00e1tico, en el que \u201ccomunidades, barrios, aldeas que se apropien, redise\u00f1en y se empoderen de las pol\u00edticas del Estado, de las pol\u00edticas p\u00fablicas en todos los niveles y dise\u00f1en de manera autogestionada sus propias pol\u00edticas, de abajo hacia arriba\u201d, en su mensaje de fin de a\u00f1o al pueblo venezolano.<\/p>\n\n\n\n<p><strong>Prensa Presidencial \/ Karla Cotoret<\/strong><\/p>\n","protected":false},"excerpt":{"rendered":"<p>Palacio de Miraflores, Caracas.\u2013 En el 2023 Venezuela ampli\u00f3 la presencia del Poder Popular en todas las instancias del Gobierno, para que \u00abel pueblo sea protagonista, sea participe de las transformaciones de su realidad inmediata\u201d, refiri\u00f3 el presidente de la Rep\u00fablica, Nicol\u00e1s Maduro. Como logro directo, indic\u00f3 que en el 2023 se renovaron m\u00e1s del [&hellip;]<\/p>\n","protected":false},"author":4,"featured_media":10373,"comment_status":"open","ping_status":"open","sticky":false,"template":"","format":"standard","meta":{"footnotes":""},"categories":[18,7],"tags":[],"class_list":["post-10372","post","type-post","status-publish","format-standard","has-post-thumbnail","hentry","category-noticias-principales","category-notas-de-prensa"],"_links":{"self":[{"href":"https:\/\/prensapresidencialvenezuela.gob.ve\/index.php\/wp-json\/wp\/v2\/posts\/10372","targetHints":{"allow":["GET"]}}],"collection":[{"href":"https:\/\/prensapresidencialvenezuela.gob.ve\/index.php\/wp-json\/wp\/v2\/posts"}],"about":[{"href":"https:\/\/prensapresidencialvenezuela.gob.ve\/index.php\/wp-json\/wp\/v2\/types\/post"}],"author":[{"embeddable":true,"href":"https:\/\/prensapresidencialvenezuela.gob.ve\/index.php\/wp-json\/wp\/v2\/users\/4"}],"replies":[{"embeddable":true,"href":"https:\/\/prensapresidencialvenezuela.gob.ve\/index.php\/wp-json\/wp\/v2\/comments?post=10372"}],"version-history":[{"count":1,"href":"https:\/\/prensapresidencialvenezuela.gob.ve\/index.php\/wp-json\/wp\/v2\/posts\/10372\/revisions"}],"predecessor-version":[{"id":10374,"href":"https:\/\/prensapresidencialvenezuela.gob.ve\/index.php\/wp-json\/wp\/v2\/posts\/10372\/revisions\/10374"}],"wp:featuredmedia":[{"embeddable":true,"href":"https:\/\/prensapresidencialvenezuela.gob.ve\/index.php\/wp-json\/wp\/v2\/media\/10373"}],"wp:attachment":[{"href":"https:\/\/prensapresidencialvenezuela.gob.ve\/index.php\/wp-json\/wp\/v2\/media?parent=10372"}],"wp:term":[{"taxonomy":"category","embeddable":true,"href":"https:\/\/prensapresidencialvenezuela.gob.ve\/index.php\/wp-json\/wp\/v2\/categories?post=10372"},{"taxonomy":"post_tag","embeddable":true,"href":"https:\/\/prensapresidencialvenezuela.gob.ve\/index.php\/wp-json\/wp\/v2\/tags?post=10372"}],"curies":[{"name":"wp","href":"https:\/\/api.w.org\/{rel}","templated":true}]}}