{"id":10375,"date":"2023-12-31T16:18:00","date_gmt":"2023-12-31T20:18:00","guid":{"rendered":"http:\/\/172.27.0.121\/?p=10375"},"modified":"2024-04-23T16:19:59","modified_gmt":"2024-04-23T20:19:59","slug":"referendum-consultivo-del-3d-desperto-una-conciencia-nacionalista","status":"publish","type":"post","link":"https:\/\/prensapresidencialvenezuela.gob.ve\/index.php\/2023\/12\/31\/referendum-consultivo-del-3d-desperto-una-conciencia-nacionalista\/","title":{"rendered":"Refer\u00e9ndum consultivo del 3D despert\u00f3 una conciencia nacionalista"},"content":{"rendered":"\n<p><strong>Palacio de Miraflores, Caracas.-<\/strong> El jefe de Estado y de Gobierno, Nicol\u00e1s Maduro, destac\u00f3 como l\u00ednea de acci\u00f3n del a\u00f1o 2023 la consolidaci\u00f3n de la independencia integral y la descolonizaci\u00f3n de Venezuela.<\/p>\n\n\n\n<p>\u00abHoy se puede priorizar como principal logro la lucha por los derechos hist\u00f3ricos de Venezuela sobre la Guayana Esequiba y contra el despojo criminal que pretenden reeditar los viejos y los nuevos imperios en pleno siglo XXI\u00bb, antes, durante y despu\u00e9s de la convocatoria del refer\u00e9ndum popular vinculante del 3 de diciembre.<\/p>\n\n\n\n<p>Indic\u00f3 que a partir de esta consulta \u201cse despert\u00f3 como nunca antes en 200 a\u00f1os de Rep\u00fablica una conciencia nacionalista que nos logr\u00f3 unir a todos por encima de las diferencias partidistas, religiosas, culturales, y de cualquier tipo. Con una voluntad poderosa de defensa de nuestra naci\u00f3n\u201d.<\/p>\n\n\n\n<p>La informaci\u00f3n fue dada a conocer en el mensaje de fin de a\u00f1o dirigido a todos los venezolanos y las venezolanas.<\/p>\n\n\n\n<p><strong>Prensa Presidencial \/ Karla Cotoret<\/strong><\/p>\n","protected":false},"excerpt":{"rendered":"<p>Palacio de Miraflores, Caracas.- El jefe de Estado y de Gobierno, Nicol\u00e1s Maduro, destac\u00f3 como l\u00ednea de acci\u00f3n del a\u00f1o 2023 la consolidaci\u00f3n de la independencia integral y la descolonizaci\u00f3n de Venezuela. \u00abHoy se puede priorizar como principal logro la lucha por los derechos hist\u00f3ricos de Venezuela sobre la Guayana Esequiba y contra el despojo [&hellip;]<\/p>\n","protected":false},"author":4,"featured_media":10376,"comment_status":"open","ping_status":"open","sticky":false,"template":"","format":"standard","meta":{"footnotes":""},"categories":[18,7],"tags":[],"class_list":["post-10375","post","type-post","status-publish","format-standard","has-post-thumbnail","hentry","category-noticias-principales","category-notas-de-prensa"],"_links":{"self":[{"href":"https:\/\/prensapresidencialvenezuela.gob.ve\/index.php\/wp-json\/wp\/v2\/posts\/10375","targetHints":{"allow":["GET"]}}],"collection":[{"href":"https:\/\/prensapresidencialvenezuela.gob.ve\/index.php\/wp-json\/wp\/v2\/posts"}],"about":[{"href":"https:\/\/prensapresidencialvenezuela.gob.ve\/index.php\/wp-json\/wp\/v2\/types\/post"}],"author":[{"embeddable":true,"href":"https:\/\/prensapresidencialvenezuela.gob.ve\/index.php\/wp-json\/wp\/v2\/users\/4"}],"replies":[{"embeddable":true,"href":"https:\/\/prensapresidencialvenezuela.gob.ve\/index.php\/wp-json\/wp\/v2\/comments?post=10375"}],"version-history":[{"count":1,"href":"https:\/\/prensapresidencialvenezuela.gob.ve\/index.php\/wp-json\/wp\/v2\/posts\/10375\/revisions"}],"predecessor-version":[{"id":10377,"href":"https:\/\/prensapresidencialvenezuela.gob.ve\/index.php\/wp-json\/wp\/v2\/posts\/10375\/revisions\/10377"}],"wp:featuredmedia":[{"embeddable":true,"href":"https:\/\/prensapresidencialvenezuela.gob.ve\/index.php\/wp-json\/wp\/v2\/media\/10376"}],"wp:attachment":[{"href":"https:\/\/prensapresidencialvenezuela.gob.ve\/index.php\/wp-json\/wp\/v2\/media?parent=10375"}],"wp:term":[{"taxonomy":"category","embeddable":true,"href":"https:\/\/prensapresidencialvenezuela.gob.ve\/index.php\/wp-json\/wp\/v2\/categories?post=10375"},{"taxonomy":"post_tag","embeddable":true,"href":"https:\/\/prensapresidencialvenezuela.gob.ve\/index.php\/wp-json\/wp\/v2\/tags?post=10375"}],"curies":[{"name":"wp","href":"https:\/\/api.w.org\/{rel}","templated":true}]}}