{"id":10378,"date":"2023-12-31T16:20:00","date_gmt":"2023-12-31T20:20:00","guid":{"rendered":"http:\/\/172.27.0.121\/?p=10378"},"modified":"2024-04-23T16:22:13","modified_gmt":"2024-04-23T20:22:13","slug":"nueva-venezolanidad-se-manifiesta-en-generacion-de-jovenes-genios","status":"publish","type":"post","link":"https:\/\/prensapresidencialvenezuela.gob.ve\/index.php\/2023\/12\/31\/nueva-venezolanidad-se-manifiesta-en-generacion-de-jovenes-genios\/","title":{"rendered":"Nueva venezolanidad se manifiesta en generaci\u00f3n de j\u00f3venes genios\u00a0"},"content":{"rendered":"\n<p><strong>Palacio de Miraflores, Caracas.-<\/strong> \u201cEstamos en un nuevo momento de la venezolanidad, as\u00ed lo creo. Y se manifiesta en una generaci\u00f3n de genios cient\u00edficos, art\u00edsticos, glorias deportivas, donde destacan los ni\u00f1os, las ni\u00f1as, la juventud\u201d.<\/p>\n\n\n\n<p>Las palabras corresponden al presidente de la Rep\u00fablica, en su mensaje de fin de a\u00f1o dirigido al pueblo venezolano.<\/p>\n\n\n\n<p>El Jefe de Estado mencion\u00f3 algunos de los eventos en los que particip\u00f3 Venezuela por primera vez: Las Olimpiada Mundial de Rob\u00f3tica realizada en Panam\u00e1 en la que fue reconocido con el primer lugar con el Premio Olibots Challenge, un ni\u00f1o venezolano de 9 a\u00f1os, por su proyecto de creaci\u00f3n de una ciudad sustentable.<\/p>\n\n\n\n<p>Tambi\u00e9n, Venezuela particip\u00f3 en la Olimpiada Abierta Internacional de Astronom\u00eda en Rusia y el equipo de j\u00f3venes zulianos gan\u00f3 la medalla de oro Albert Einstein.<\/p>\n\n\n\n<p>En tanto, a nivel nacional cerca de 40 mil estudiantes participan ya en el nuevo programa de semillero cient\u00edfico.<\/p>\n\n\n\n<p>\u201cAh\u00ed viene la generaci\u00f3n genial abri\u00e9ndose camino, tocando las puertas de la historia grande de nuestro pa\u00eds. Gracias muchachos por hacernos sentir la Patria en cada momento\u201d, expres\u00f3 el Mandatario nacional.<\/p>\n\n\n\n<p><strong>Prensa Presidencial \/ Karla Cotoret<\/strong><\/p>\n","protected":false},"excerpt":{"rendered":"<p>Palacio de Miraflores, Caracas.- \u201cEstamos en un nuevo momento de la venezolanidad, as\u00ed lo creo. Y se manifiesta en una generaci\u00f3n de genios cient\u00edficos, art\u00edsticos, glorias deportivas, donde destacan los ni\u00f1os, las ni\u00f1as, la juventud\u201d. Las palabras corresponden al presidente de la Rep\u00fablica, en su mensaje de fin de a\u00f1o dirigido al pueblo venezolano. El [&hellip;]<\/p>\n","protected":false},"author":4,"featured_media":10381,"comment_status":"open","ping_status":"open","sticky":false,"template":"","format":"standard","meta":{"footnotes":""},"categories":[18,7],"tags":[],"class_list":["post-10378","post","type-post","status-publish","format-standard","has-post-thumbnail","hentry","category-noticias-principales","category-notas-de-prensa"],"_links":{"self":[{"href":"https:\/\/prensapresidencialvenezuela.gob.ve\/index.php\/wp-json\/wp\/v2\/posts\/10378","targetHints":{"allow":["GET"]}}],"collection":[{"href":"https:\/\/prensapresidencialvenezuela.gob.ve\/index.php\/wp-json\/wp\/v2\/posts"}],"about":[{"href":"https:\/\/prensapresidencialvenezuela.gob.ve\/index.php\/wp-json\/wp\/v2\/types\/post"}],"author":[{"embeddable":true,"href":"https:\/\/prensapresidencialvenezuela.gob.ve\/index.php\/wp-json\/wp\/v2\/users\/4"}],"replies":[{"embeddable":true,"href":"https:\/\/prensapresidencialvenezuela.gob.ve\/index.php\/wp-json\/wp\/v2\/comments?post=10378"}],"version-history":[{"count":1,"href":"https:\/\/prensapresidencialvenezuela.gob.ve\/index.php\/wp-json\/wp\/v2\/posts\/10378\/revisions"}],"predecessor-version":[{"id":10382,"href":"https:\/\/prensapresidencialvenezuela.gob.ve\/index.php\/wp-json\/wp\/v2\/posts\/10378\/revisions\/10382"}],"wp:featuredmedia":[{"embeddable":true,"href":"https:\/\/prensapresidencialvenezuela.gob.ve\/index.php\/wp-json\/wp\/v2\/media\/10381"}],"wp:attachment":[{"href":"https:\/\/prensapresidencialvenezuela.gob.ve\/index.php\/wp-json\/wp\/v2\/media?parent=10378"}],"wp:term":[{"taxonomy":"category","embeddable":true,"href":"https:\/\/prensapresidencialvenezuela.gob.ve\/index.php\/wp-json\/wp\/v2\/categories?post=10378"},{"taxonomy":"post_tag","embeddable":true,"href":"https:\/\/prensapresidencialvenezuela.gob.ve\/index.php\/wp-json\/wp\/v2\/tags?post=10378"}],"curies":[{"name":"wp","href":"https:\/\/api.w.org\/{rel}","templated":true}]}}