{"id":10410,"date":"2024-04-17T16:43:10","date_gmt":"2024-04-17T20:43:10","guid":{"rendered":"http:\/\/172.27.0.121\/?p=10410"},"modified":"2024-04-23T16:44:24","modified_gmt":"2024-04-23T20:44:24","slug":"venezuela-registro-en-marzo-la-inflacion-mas-baja-en-14-anos-pese-a-sanciones","status":"publish","type":"post","link":"https:\/\/prensapresidencialvenezuela.gob.ve\/index.php\/2024\/04\/17\/venezuela-registro-en-marzo-la-inflacion-mas-baja-en-14-anos-pese-a-sanciones\/","title":{"rendered":"Venezuela registr\u00f3 en marzo la inflaci\u00f3n m\u00e1s baja en 14 a\u00f1os pese a sanciones"},"content":{"rendered":"\n<p><strong>Araure, estado Portuguesa.-<\/strong> El presidente de la Rep\u00fablica, Nicol\u00e1s Maduro, inform\u00f3 este mi\u00e9rcoles que Venezuela registr\u00f3 en marzo, la inflaci\u00f3n m\u00e1s baja de los \u00faltimos 14 a\u00f1os, pese a las sanciones impuestas por el Gobierno de Estados Unidos (EE.UU.).<\/p>\n\n\n\n<p>\u201cNos propusimos desacelerar la hiperinflaci\u00f3n y estamos obteniendo en el mes de marzo la inflaci\u00f3n m\u00e1s baja de catorce a\u00f1os en Venezuela, poco a poco ya <a><\/a>son tendencias s\u00f3lidas\u201d, afirm\u00f3 el Jefe de Estado durante I Expo Venezuela Produce 2024, efectuada en el Aeropuerto \u00abBatalla de Araure\u00bb, ubicado en el estado Portuguesa.<\/p>\n\n\n\n<p>Desde ese espacio, destac\u00f3 que la firmeza del Gobierno Bolivariano para proponer los m\u00e9todos que permitan avanzar en la producci\u00f3n desde todos los sectores del pa\u00eds para generar \u201cm\u00e1s ganancia, m\u00e1s riqueza, para tener plata y seguir mejorando el ingreso de los trabajadores y trabajadoras de Venezuela\u201d.<\/p>\n\n\n\n<p>En ese sentido, reiter\u00f3 que frente a las sanciones impuestas, Venezuela tiene como meta duplicar los ingresos del Estado.<\/p>\n\n\n\n<p>\u201cLas sanciones que anunci\u00f3 Estados Unidos hoy, tienen el objetivo de golpearnos los ingresos para que no podamos mejorar los ingresos de los trabajadores en Venezuela, y nosotros tenemos que empe\u00f1arnos en lograr la meta, y vamos avanzando hacia la meta de duplicar los ingresos del estado venezolano por impuestos, por tributo y lo vamos a lograr\u201d, recalc\u00f3.<\/p>\n\n\n\n<p>Como refuerzo al planteamiento, el Presidente adelant\u00f3 que Venezuela se proyecta con estabilidad cambiaria, desaceleraci\u00f3n de la inflaci\u00f3n, productividad m\u00e1xima y recuperaci\u00f3n de los ingresos de trabajadores y trabajadoras.<\/p>\n\n\n\n<p><strong>Prensa Presidencial \/ Rosiris Ortega Ortiz<\/strong><\/p>\n","protected":false},"excerpt":{"rendered":"<p>Araure, estado Portuguesa.- El presidente de la Rep\u00fablica, Nicol\u00e1s Maduro, inform\u00f3 este mi\u00e9rcoles que Venezuela registr\u00f3 en marzo, la inflaci\u00f3n m\u00e1s baja de los \u00faltimos 14 a\u00f1os, pese a las sanciones impuestas por el Gobierno de Estados Unidos (EE.UU.). \u201cNos propusimos desacelerar la hiperinflaci\u00f3n y estamos obteniendo en el mes de marzo la inflaci\u00f3n m\u00e1s [&hellip;]<\/p>\n","protected":false},"author":4,"featured_media":10411,"comment_status":"open","ping_status":"open","sticky":false,"template":"","format":"standard","meta":{"footnotes":""},"categories":[18,7],"tags":[],"class_list":["post-10410","post","type-post","status-publish","format-standard","has-post-thumbnail","hentry","category-noticias-principales","category-notas-de-prensa"],"_links":{"self":[{"href":"https:\/\/prensapresidencialvenezuela.gob.ve\/index.php\/wp-json\/wp\/v2\/posts\/10410","targetHints":{"allow":["GET"]}}],"collection":[{"href":"https:\/\/prensapresidencialvenezuela.gob.ve\/index.php\/wp-json\/wp\/v2\/posts"}],"about":[{"href":"https:\/\/prensapresidencialvenezuela.gob.ve\/index.php\/wp-json\/wp\/v2\/types\/post"}],"author":[{"embeddable":true,"href":"https:\/\/prensapresidencialvenezuela.gob.ve\/index.php\/wp-json\/wp\/v2\/users\/4"}],"replies":[{"embeddable":true,"href":"https:\/\/prensapresidencialvenezuela.gob.ve\/index.php\/wp-json\/wp\/v2\/comments?post=10410"}],"version-history":[{"count":1,"href":"https:\/\/prensapresidencialvenezuela.gob.ve\/index.php\/wp-json\/wp\/v2\/posts\/10410\/revisions"}],"predecessor-version":[{"id":10412,"href":"https:\/\/prensapresidencialvenezuela.gob.ve\/index.php\/wp-json\/wp\/v2\/posts\/10410\/revisions\/10412"}],"wp:featuredmedia":[{"embeddable":true,"href":"https:\/\/prensapresidencialvenezuela.gob.ve\/index.php\/wp-json\/wp\/v2\/media\/10411"}],"wp:attachment":[{"href":"https:\/\/prensapresidencialvenezuela.gob.ve\/index.php\/wp-json\/wp\/v2\/media?parent=10410"}],"wp:term":[{"taxonomy":"category","embeddable":true,"href":"https:\/\/prensapresidencialvenezuela.gob.ve\/index.php\/wp-json\/wp\/v2\/categories?post=10410"},{"taxonomy":"post_tag","embeddable":true,"href":"https:\/\/prensapresidencialvenezuela.gob.ve\/index.php\/wp-json\/wp\/v2\/tags?post=10410"}],"curies":[{"name":"wp","href":"https:\/\/api.w.org\/{rel}","templated":true}]}}