{"id":10468,"date":"2024-04-18T17:12:17","date_gmt":"2024-04-18T21:12:17","guid":{"rendered":"http:\/\/172.27.0.121\/?p=10468"},"modified":"2024-04-23T17:14:15","modified_gmt":"2024-04-23T21:14:15","slug":"presidente-maduro-sostiene-encuentro-con-el-fiscal-de-la-federacion-de-rusia-igor-krasnov","status":"publish","type":"post","link":"https:\/\/prensapresidencialvenezuela.gob.ve\/index.php\/2024\/04\/18\/presidente-maduro-sostiene-encuentro-con-el-fiscal-de-la-federacion-de-rusia-igor-krasnov\/","title":{"rendered":"Presidente Maduro sostiene encuentro con el Fiscal de la Federaci\u00f3n de Rusia, Igor Krasnov"},"content":{"rendered":"\n<p><strong>Palacio de Miraflores, Caracas.-<\/strong> El presidente de la Rep\u00fablica Bolivariana de Venezuela, Nicol\u00e1s Maduro, sostiene encuentro en el Palacio de Miraflores con el Fiscal General de la Federaci\u00f3n de Rusia, Igor Krasnov, quien lleg\u00f3 este mi\u00e9rcoles a Venezuela, proveniente de Cuba donde mantuvo una reuni\u00f3n con el presidente Miguel D\u00edaz-Canel y el presidente del Tribunal Supremo Popular cubano.<\/p>\n\n\n\n<p><a><\/a>En la agenda de Krasnov en Caracas que busca fortalecer el desarrollo de las relaciones entre ambas naciones y consolidar posiciones comunes en aras de la defensa de la Carta de las Naciones Unidas, las normas y principios del derecho internacional y el fortalecimiento del multilateralismo, ha incluido una reuni\u00f3n este jueves con el Fiscal General de la Rep\u00fablica, Tarek William Saab, para tratar temas en el \u00e1mbito judicial.<\/p>\n\n\n\n<p>En esta reuni\u00f3n Saab destac\u00f3 que para \u201cnosotros es sumamente importante expresar como va a realizarse la cooperaci\u00f3n a trav\u00e9s de intercambios\u00bb, al sostener que \u201cla realidad de Venezuela es diferente a la que se vive en Rusia\u201d.<\/p>\n\n\n\n<p>Ambas naciones reafirmaron la cooperaci\u00f3n en intercambio de experiencias, informaci\u00f3n, documentos sobre el Estado, tendencia de la delincuencia, as\u00ed como en \u00e1mbito de protecci\u00f3n de los derechos y libertades humanas.<\/p>\n\n\n\n<p>Precis\u00f3 el fiscal venezolano que en este encuentro se abord\u00f3 el tema de la legalizaci\u00f3n de productos del delito, el tr\u00e1fico il\u00edcito de armas, explosivos, estupefacientes y sustancias psicotr\u00f3picas y la lucha contra la corrupci\u00f3n y otros delitos relativos en el ejercicio judicial.<\/p>\n\n\n\n<p>De acuerdo con una nota informativa de la canciller\u00eda venezolana, como punto de partida de su visita oficial a Venezuela, el Fiscal General de la Federaci\u00f3n de Rusia, \u00cdgor Krasnov, rindi\u00f3 honores, este jueves, al Padre de la Patria Sim\u00f3n Bol\u00edvar, con una protocolar ceremonia de ofrenda floral en el Mausoleo de El Libertador, ubicado en la avenida Pante\u00f3n.<\/p>\n\n\n\n<p>Estuvo acompa\u00f1ado por la viceministra de Relaciones Exteriores para Europa, Coromoto Godoy Calder\u00f3n; el Fiscal General Militar, General de Brigada, Jos\u00e9 Daniel Monsalve; el embajador de Rusia en Venezuela, Sergey Melik- Bagdasarov; el Vicefiscal General de la Federaci\u00f3n de Rusia, PyotrGorodov y funcionarios del Ministerio P\u00fablico venezolano.<\/p>\n\n\n\n<p>Adem\u00e1s de incluir el debate en temas de cooperaci\u00f3n bilateral en el \u00e1rea judicial, la estancia de la autoridad rusa en nuestro pa\u00eds, contempla reuniones con autoridades nacionales, para la consolidaci\u00f3n de posiciones comunes en aras de la defensa de la Carta de las Naciones Unidas, las normas y principios del derecho internacional y el fortalecimiento del multilateralismo.<\/p>\n\n\n\n<p><strong>Prensa Presidencial \/ Ana\u00eds P\u00e9rez<\/strong><\/p>\n","protected":false},"excerpt":{"rendered":"<p>Palacio de Miraflores, Caracas.- El presidente de la Rep\u00fablica Bolivariana de Venezuela, Nicol\u00e1s Maduro, sostiene encuentro en el Palacio de Miraflores con el Fiscal General de la Federaci\u00f3n de Rusia, Igor Krasnov, quien lleg\u00f3 este mi\u00e9rcoles a Venezuela, proveniente de Cuba donde mantuvo una reuni\u00f3n con el presidente Miguel D\u00edaz-Canel y el presidente del Tribunal [&hellip;]<\/p>\n","protected":false},"author":4,"featured_media":10469,"comment_status":"open","ping_status":"open","sticky":false,"template":"","format":"standard","meta":{"footnotes":""},"categories":[18,7],"tags":[],"class_list":["post-10468","post","type-post","status-publish","format-standard","has-post-thumbnail","hentry","category-noticias-principales","category-notas-de-prensa"],"_links":{"self":[{"href":"https:\/\/prensapresidencialvenezuela.gob.ve\/index.php\/wp-json\/wp\/v2\/posts\/10468","targetHints":{"allow":["GET"]}}],"collection":[{"href":"https:\/\/prensapresidencialvenezuela.gob.ve\/index.php\/wp-json\/wp\/v2\/posts"}],"about":[{"href":"https:\/\/prensapresidencialvenezuela.gob.ve\/index.php\/wp-json\/wp\/v2\/types\/post"}],"author":[{"embeddable":true,"href":"https:\/\/prensapresidencialvenezuela.gob.ve\/index.php\/wp-json\/wp\/v2\/users\/4"}],"replies":[{"embeddable":true,"href":"https:\/\/prensapresidencialvenezuela.gob.ve\/index.php\/wp-json\/wp\/v2\/comments?post=10468"}],"version-history":[{"count":1,"href":"https:\/\/prensapresidencialvenezuela.gob.ve\/index.php\/wp-json\/wp\/v2\/posts\/10468\/revisions"}],"predecessor-version":[{"id":10470,"href":"https:\/\/prensapresidencialvenezuela.gob.ve\/index.php\/wp-json\/wp\/v2\/posts\/10468\/revisions\/10470"}],"wp:featuredmedia":[{"embeddable":true,"href":"https:\/\/prensapresidencialvenezuela.gob.ve\/index.php\/wp-json\/wp\/v2\/media\/10469"}],"wp:attachment":[{"href":"https:\/\/prensapresidencialvenezuela.gob.ve\/index.php\/wp-json\/wp\/v2\/media?parent=10468"}],"wp:term":[{"taxonomy":"category","embeddable":true,"href":"https:\/\/prensapresidencialvenezuela.gob.ve\/index.php\/wp-json\/wp\/v2\/categories?post=10468"},{"taxonomy":"post_tag","embeddable":true,"href":"https:\/\/prensapresidencialvenezuela.gob.ve\/index.php\/wp-json\/wp\/v2\/tags?post=10468"}],"curies":[{"name":"wp","href":"https:\/\/api.w.org\/{rel}","templated":true}]}}