{"id":1048,"date":"2022-02-02T18:21:00","date_gmt":"2022-02-02T18:21:00","guid":{"rendered":"http:\/\/172.27.0.121\/?p=1048"},"modified":"2022-06-01T18:23:06","modified_gmt":"2022-06-01T18:23:06","slug":"presidente-lidera-jornada-de-trabajo-para-el-impulso-del-sector-bancario","status":"publish","type":"post","link":"https:\/\/prensapresidencialvenezuela.gob.ve\/index.php\/2022\/02\/02\/presidente-lidera-jornada-de-trabajo-para-el-impulso-del-sector-bancario\/","title":{"rendered":"Presidente lidera jornada de trabajo para el impulso del sector bancario"},"content":{"rendered":"\n<p><strong>Palacio de Miraflores, Caracas.- <\/strong>El presidente de la Rep\u00fablica, Nicol\u00e1s Maduro Moros, lidera la tarde de este mi\u00e9rcoles una jornada de trabajo para el fortalecimiento del sector bancario de la naci\u00f3n..<\/p>\n\n\n\n<p>El encuentro se propone el desarrollo y la expansi\u00f3n de la producci\u00f3n de bienes y servicios, mediante la dinamizaci\u00f3n de la econom\u00eda, a trav\u00e9s del impulso de la econom\u00eda 100% digital.<\/p>\n\n\n\n<p>El Jefe de Estado se encuentra acompa\u00f1ado por la vicepresidenta Ejecutiva de la Rep\u00fablica, Delcy Rodr\u00edguez, el vicepresidente sectorial de Econom\u00eda; Tareck El Aissami, el Superintendente de las Instituciones del Sector Bancario (SUDEBAN),&nbsp; Antonio Morales Rodr\u00edguez y el viceministro del Sistema Bancario y Asegurador; Rom\u00e1n Maniglia.<\/p>\n\n\n\n<p>Adem\u00e1s est\u00e1n presentes presidentes de bancos p\u00fablicos y privados y emprendedores del pa\u00eds.<\/p>\n\n\n\n<p>Todas estas acciones emprendidas por el Gobierno nacional promueven la generaci\u00f3n de los mecanismos necesarios para proteger el uso del Bol\u00edvar Digital, as\u00ed como garantizar el acceso a la poblaci\u00f3n a los servicios bancarios rumbo a la econom\u00eda 100% digital.<\/p>\n\n\n\n<p><strong>Prensa Presidencial\/Karla Cotoret<\/strong><\/p>\n","protected":false},"excerpt":{"rendered":"<p>Palacio de Miraflores, Caracas.- El presidente de la Rep\u00fablica, Nicol\u00e1s Maduro Moros, lidera la tarde de este mi\u00e9rcoles una jornada de trabajo para el fortalecimiento del sector bancario de la naci\u00f3n.. El encuentro se propone el desarrollo y la expansi\u00f3n de la producci\u00f3n de bienes y servicios, mediante la dinamizaci\u00f3n de la econom\u00eda, a trav\u00e9s [&hellip;]<\/p>\n","protected":false},"author":6,"featured_media":1049,"comment_status":"open","ping_status":"open","sticky":false,"template":"","format":"standard","meta":{"footnotes":""},"categories":[7],"tags":[],"class_list":["post-1048","post","type-post","status-publish","format-standard","has-post-thumbnail","hentry","category-notas-de-prensa"],"_links":{"self":[{"href":"https:\/\/prensapresidencialvenezuela.gob.ve\/index.php\/wp-json\/wp\/v2\/posts\/1048","targetHints":{"allow":["GET"]}}],"collection":[{"href":"https:\/\/prensapresidencialvenezuela.gob.ve\/index.php\/wp-json\/wp\/v2\/posts"}],"about":[{"href":"https:\/\/prensapresidencialvenezuela.gob.ve\/index.php\/wp-json\/wp\/v2\/types\/post"}],"author":[{"embeddable":true,"href":"https:\/\/prensapresidencialvenezuela.gob.ve\/index.php\/wp-json\/wp\/v2\/users\/6"}],"replies":[{"embeddable":true,"href":"https:\/\/prensapresidencialvenezuela.gob.ve\/index.php\/wp-json\/wp\/v2\/comments?post=1048"}],"version-history":[{"count":1,"href":"https:\/\/prensapresidencialvenezuela.gob.ve\/index.php\/wp-json\/wp\/v2\/posts\/1048\/revisions"}],"predecessor-version":[{"id":1050,"href":"https:\/\/prensapresidencialvenezuela.gob.ve\/index.php\/wp-json\/wp\/v2\/posts\/1048\/revisions\/1050"}],"wp:featuredmedia":[{"embeddable":true,"href":"https:\/\/prensapresidencialvenezuela.gob.ve\/index.php\/wp-json\/wp\/v2\/media\/1049"}],"wp:attachment":[{"href":"https:\/\/prensapresidencialvenezuela.gob.ve\/index.php\/wp-json\/wp\/v2\/media?parent=1048"}],"wp:term":[{"taxonomy":"category","embeddable":true,"href":"https:\/\/prensapresidencialvenezuela.gob.ve\/index.php\/wp-json\/wp\/v2\/categories?post=1048"},{"taxonomy":"post_tag","embeddable":true,"href":"https:\/\/prensapresidencialvenezuela.gob.ve\/index.php\/wp-json\/wp\/v2\/tags?post=1048"}],"curies":[{"name":"wp","href":"https:\/\/api.w.org\/{rel}","templated":true}]}}