{"id":10489,"date":"2024-04-19T17:34:57","date_gmt":"2024-04-19T21:34:57","guid":{"rendered":"http:\/\/172.27.0.121\/?p=10489"},"modified":"2024-04-23T17:36:23","modified_gmt":"2024-04-23T21:36:23","slug":"presidente-subraya-que-el-imperio-no-lograra-separar-a-venezuela-de-colombia","status":"publish","type":"post","link":"https:\/\/prensapresidencialvenezuela.gob.ve\/index.php\/2024\/04\/19\/presidente-subraya-que-el-imperio-no-lograra-separar-a-venezuela-de-colombia\/","title":{"rendered":"Presidente subraya que el imperio no lograr\u00e1 separar a Venezuela de Colombia"},"content":{"rendered":"\n<p><strong>Sabana Grande, Caracas.-<\/strong> El presidente de la Rep\u00fablica Bolivariana de Venezuela, Nicol\u00e1s Maduro, ratific\u00f3 que haga lo que haga el imperio, \u00e9ste no lograr\u00e1 separar a Venezuela de Colombia.<\/p>\n\n\n\n<p>\u201cCon Colombia no nos separaran hagan lo que hagan los imperios del Norte\u201d, asever\u00f3 desde el encuentro \u00abAlternativa Social Mundial\u00bb realizado por la Alianza Bolivariana para los Pueblos de Nuestra Am\u00e9rica &#8211; Tratado <a><\/a>de Comercio de los Pueblos (ALBA-TCP).<\/p>\n\n\n\n<p>Enfatiz\u00f3 que Colombia y Venezuela cuentan con un destino com\u00fan:<\/p>\n\n\n\n<p>\u201cLa uni\u00f3n, la cooperaci\u00f3n y el desarrollo compartido de esta inmensa Regi\u00f3n liberada por la espada de Bol\u00edvar. Tenemos un padre com\u00fan: Sim\u00f3n Bol\u00edvar, nuestro Padre fundador\u201d.<\/p>\n\n\n\n<p>El pronunciamiento del jefe de Estado se deriv\u00f3 al pormenorizar los temas que abord\u00f3 en d\u00edas recientes con su par colombiano, Gustavo Petro, quien realiz\u00f3 en Caracas una visita de trabajo.<\/p>\n\n\n\n<p>\u201cEl cambio clim\u00e1tico ya es una emergencia clim\u00e1tica, lo que dijo Fidel, su profec\u00eda del 92, se cumpli\u00f3. Habr\u00e1 tiempo. Habl\u00e9 bastante con el presidente Petro y le dedicamos casi una hora a hablar al tema de la emergencia clim\u00e1tica\u201d, es decir, de las \u201clas tareas de mitigaci\u00f3n, el presidente Petro, creo que es una de las mentes m\u00e1s brillantes en el tema del cambio clim\u00e1tico\u201d, destac\u00f3 el presidente Maduro.<\/p>\n\n\n\n<p><strong>Prensa Presidencial \/ Ana\u00eds P\u00e9rez<\/strong><\/p>\n","protected":false},"excerpt":{"rendered":"<p>Sabana Grande, Caracas.- El presidente de la Rep\u00fablica Bolivariana de Venezuela, Nicol\u00e1s Maduro, ratific\u00f3 que haga lo que haga el imperio, \u00e9ste no lograr\u00e1 separar a Venezuela de Colombia. \u201cCon Colombia no nos separaran hagan lo que hagan los imperios del Norte\u201d, asever\u00f3 desde el encuentro \u00abAlternativa Social Mundial\u00bb realizado por la Alianza Bolivariana para [&hellip;]<\/p>\n","protected":false},"author":4,"featured_media":10490,"comment_status":"open","ping_status":"open","sticky":false,"template":"","format":"standard","meta":{"footnotes":""},"categories":[18,7],"tags":[],"class_list":["post-10489","post","type-post","status-publish","format-standard","has-post-thumbnail","hentry","category-noticias-principales","category-notas-de-prensa"],"_links":{"self":[{"href":"https:\/\/prensapresidencialvenezuela.gob.ve\/index.php\/wp-json\/wp\/v2\/posts\/10489","targetHints":{"allow":["GET"]}}],"collection":[{"href":"https:\/\/prensapresidencialvenezuela.gob.ve\/index.php\/wp-json\/wp\/v2\/posts"}],"about":[{"href":"https:\/\/prensapresidencialvenezuela.gob.ve\/index.php\/wp-json\/wp\/v2\/types\/post"}],"author":[{"embeddable":true,"href":"https:\/\/prensapresidencialvenezuela.gob.ve\/index.php\/wp-json\/wp\/v2\/users\/4"}],"replies":[{"embeddable":true,"href":"https:\/\/prensapresidencialvenezuela.gob.ve\/index.php\/wp-json\/wp\/v2\/comments?post=10489"}],"version-history":[{"count":1,"href":"https:\/\/prensapresidencialvenezuela.gob.ve\/index.php\/wp-json\/wp\/v2\/posts\/10489\/revisions"}],"predecessor-version":[{"id":10491,"href":"https:\/\/prensapresidencialvenezuela.gob.ve\/index.php\/wp-json\/wp\/v2\/posts\/10489\/revisions\/10491"}],"wp:featuredmedia":[{"embeddable":true,"href":"https:\/\/prensapresidencialvenezuela.gob.ve\/index.php\/wp-json\/wp\/v2\/media\/10490"}],"wp:attachment":[{"href":"https:\/\/prensapresidencialvenezuela.gob.ve\/index.php\/wp-json\/wp\/v2\/media?parent=10489"}],"wp:term":[{"taxonomy":"category","embeddable":true,"href":"https:\/\/prensapresidencialvenezuela.gob.ve\/index.php\/wp-json\/wp\/v2\/categories?post=10489"},{"taxonomy":"post_tag","embeddable":true,"href":"https:\/\/prensapresidencialvenezuela.gob.ve\/index.php\/wp-json\/wp\/v2\/tags?post=10489"}],"curies":[{"name":"wp","href":"https:\/\/api.w.org\/{rel}","templated":true}]}}