{"id":10498,"date":"2024-04-19T17:38:45","date_gmt":"2024-04-19T21:38:45","guid":{"rendered":"http:\/\/172.27.0.121\/?p=10498"},"modified":"2024-04-23T17:40:48","modified_gmt":"2024-04-23T21:40:48","slug":"presidente-maduro-propone-nueva-vision-integradora-contra-el-fascismo","status":"publish","type":"post","link":"https:\/\/prensapresidencialvenezuela.gob.ve\/index.php\/2024\/04\/19\/presidente-maduro-propone-nueva-vision-integradora-contra-el-fascismo\/","title":{"rendered":"Presidente Maduro propone nueva visi\u00f3n integradora contra el fascismo"},"content":{"rendered":"\n<p><strong>Sabana Grande, Caracas.-<\/strong> Durante el encuentro de la \u201cAlternativa Social Mundial\u201d, el jefe de Estado, Nicol\u00e1s Maduro, invit\u00f3 a todo el bloque a desarrollar nuevas estrategias que permitan a los pueblos independientes y soberanos continuar con \u00e9xito la lucha contra el imperialismo.<\/p>\n\n\n\n<p>\u201cTengamos una visi\u00f3n grande y amplia, ha llegado la hora desde los movimientos sociales del ALBA, con una visi\u00f3n muy amplia de <a><\/a>articular una nueva alternativa social mundial contra el capitalismo, contra el fascismo, en funci\u00f3n de una civilizaci\u00f3n humana de paz y de amor, de vida y de esperanza, de un mundo multipolar desde los pueblos\u201d.<\/p>\n\n\n\n<p>Destac\u00f3 que para lograrlo debe haber plena conciencia popular.<\/p>\n\n\n\n<p>\u201cPorque solo ser\u00e1n los pueblos conscientes, movilizados y organizados, empoderados los que podr\u00e1n construir el mundo nuevo\u201d.<\/p>\n\n\n\n<p>Con miras a fortalecer el trabajo articulado entre pueblo y gobierno, destac\u00f3 que la formaci\u00f3n debe venir desde las bases.<\/p>\n\n\n\n<p>\u201cNo es un hombre, compa\u00f1eros, compa\u00f1eras. Son los valores que se siembran en el pueblo. Es tener fe en los pueblos, es educar al pueblo desde la base m\u00e1s profunda. Es activar sus luchas de manera permanente, es creer en la fuerza espiritual, en la identidad, en las ra\u00edces, es sembrar hoy, para cosechar ma\u00f1ana y volver a sembrar, para renovarse de manera permanente\u201d.<\/p>\n\n\n\n<p>Asimismo, agreg\u00f3 que es indispensable escuchar al pueblo, saber aceptar las cr\u00edticas que lleven a mejores propuestas para mejorar el sistema.<\/p>\n\n\n\n<p>\u201cRenovar el discurso, las pol\u00edticas p\u00fablicas. Es aprender a escuchar la cr\u00edtica dura de los pueblos, cara a cara y que llegue la cr\u00edtica.<\/p>\n\n\n\n<p>Bienvenida la cr\u00edtica. Es saber hacer la autocr\u00edtica para avanzar, para sembrar esperanza, no para autoflagelarnos, para autodestruirnos, para desmoralizar al pueblo, debe ser para aprender, para avanzar\u201d, dijo.<\/p>\n\n\n\n<p>El Dignatario venezolano asegur\u00f3 que hoy, m\u00e1s que nunca, el pueblo reverdece y est\u00e1 empoderado del conocimiento, de sus logros y sus luchas.<\/p>\n\n\n\n<p>\u201cNuestro pueblo en estos 11 a\u00f1os, as\u00ed lo creo y ustedes lo van a ver en los pr\u00f3ximos d\u00edas, nuestro pueblo se ha organizado mejor, es un pueblo de valores, es un pueblo de principios, es un pueblo empoderado y si alguien le pertenece la victoria en todas las coyunturas que nos ha tocado enfrentar, si a alguien le pertenece la victoria contra el bloqueo las sanciones, las conspiraciones y todo lo que ha hecho el imperialismo solo le pertenece al pueblo de Venezuela, noble, movilizado, consciente, empoderado y organizando la garant\u00eda del futuro\u201d, destac\u00f3.<\/p>\n\n\n\n<p>Adelant\u00f3 que \u201cpor la felicidad y por la garant\u00eda de la construcci\u00f3n del socialismo en Venezuela y de una alternativa social nueva y poderosa en el mundo vienen nuevos pasos\u201d.<\/p>\n\n\n\n<p>En este marco inform\u00f3 que para el mes de diciembre se \u201ccumplen 30 a\u00f1os del primer encuentro entre los dos gigantes Fidel y Ch\u00e1vez\u201d, adem\u00e1s, \u201cestaremos conmemorando tambi\u00e9n los veinte a\u00f1os de la fundaci\u00f3n de la Alternativa Bolivariana de los Pueblos de Nuestra Am\u00e9rica hoy Alianza Bolivariana\u201d.<\/p>\n\n\n\n<p><strong>Prensa Presidencial \/ Mar\u00eda Mercedes Noguera<\/strong><\/p>\n","protected":false},"excerpt":{"rendered":"<p>Sabana Grande, Caracas.- Durante el encuentro de la \u201cAlternativa Social Mundial\u201d, el jefe de Estado, Nicol\u00e1s Maduro, invit\u00f3 a todo el bloque a desarrollar nuevas estrategias que permitan a los pueblos independientes y soberanos continuar con \u00e9xito la lucha contra el imperialismo. \u201cTengamos una visi\u00f3n grande y amplia, ha llegado la hora desde los movimientos [&hellip;]<\/p>\n","protected":false},"author":4,"featured_media":10499,"comment_status":"open","ping_status":"open","sticky":false,"template":"","format":"standard","meta":{"footnotes":""},"categories":[18,7],"tags":[],"class_list":["post-10498","post","type-post","status-publish","format-standard","has-post-thumbnail","hentry","category-noticias-principales","category-notas-de-prensa"],"_links":{"self":[{"href":"https:\/\/prensapresidencialvenezuela.gob.ve\/index.php\/wp-json\/wp\/v2\/posts\/10498","targetHints":{"allow":["GET"]}}],"collection":[{"href":"https:\/\/prensapresidencialvenezuela.gob.ve\/index.php\/wp-json\/wp\/v2\/posts"}],"about":[{"href":"https:\/\/prensapresidencialvenezuela.gob.ve\/index.php\/wp-json\/wp\/v2\/types\/post"}],"author":[{"embeddable":true,"href":"https:\/\/prensapresidencialvenezuela.gob.ve\/index.php\/wp-json\/wp\/v2\/users\/4"}],"replies":[{"embeddable":true,"href":"https:\/\/prensapresidencialvenezuela.gob.ve\/index.php\/wp-json\/wp\/v2\/comments?post=10498"}],"version-history":[{"count":1,"href":"https:\/\/prensapresidencialvenezuela.gob.ve\/index.php\/wp-json\/wp\/v2\/posts\/10498\/revisions"}],"predecessor-version":[{"id":10500,"href":"https:\/\/prensapresidencialvenezuela.gob.ve\/index.php\/wp-json\/wp\/v2\/posts\/10498\/revisions\/10500"}],"wp:featuredmedia":[{"embeddable":true,"href":"https:\/\/prensapresidencialvenezuela.gob.ve\/index.php\/wp-json\/wp\/v2\/media\/10499"}],"wp:attachment":[{"href":"https:\/\/prensapresidencialvenezuela.gob.ve\/index.php\/wp-json\/wp\/v2\/media?parent=10498"}],"wp:term":[{"taxonomy":"category","embeddable":true,"href":"https:\/\/prensapresidencialvenezuela.gob.ve\/index.php\/wp-json\/wp\/v2\/categories?post=10498"},{"taxonomy":"post_tag","embeddable":true,"href":"https:\/\/prensapresidencialvenezuela.gob.ve\/index.php\/wp-json\/wp\/v2\/tags?post=10498"}],"curies":[{"name":"wp","href":"https:\/\/api.w.org\/{rel}","templated":true}]}}