{"id":10542,"date":"2024-04-22T18:39:08","date_gmt":"2024-04-22T22:39:08","guid":{"rendered":"http:\/\/172.27.0.121\/?p=10542"},"modified":"2024-04-23T18:40:09","modified_gmt":"2024-04-23T22:40:09","slug":"consulta-comunal-se-instalara-una-vez-por-trimestre-para-priorizar-proyectos-del-pueblo","status":"publish","type":"post","link":"https:\/\/prensapresidencialvenezuela.gob.ve\/index.php\/2024\/04\/22\/consulta-comunal-se-instalara-una-vez-por-trimestre-para-priorizar-proyectos-del-pueblo\/","title":{"rendered":"Consulta comunal se instalar\u00e1 una vez por trimestre para priorizar proyectos del pueblo"},"content":{"rendered":"\n<p><strong>Palacio de Miraflores, Caracas.-<\/strong> En relaci\u00f3n a la jornada de democracia directa en la que el pueblo venezolano eligi\u00f3 este domingo 4500 proyectos comunales en el proceso de Consulta Popular Nacional 2024, y que se caracteriz\u00f3 por ser un ejercicio democr\u00e1tico cargado de alegr\u00eda y esperanza en el que el pueblo tom\u00f3 decisiones, el presidente de la Rep\u00fablica Bolivariana de Venezuela, Nicol\u00e1s Maduro, anunci\u00f3 que cada trimestre ser\u00e1 instalada una consulta comunal.<\/p>\n\n\n\n<p>Sobre la base de esta experiencia participativa y protag\u00f3nica, el jefe de Estado detall\u00f3 que ha considerado, en esa l\u00ednea, que en nuevas etapas que se abran en este tipo de consultas, estas deben hacerse a nivel nacional, por lo menos una vez por trimestre, \u201cpara que las comunidades puedan agregar cada trimestre un proyecto prioritario\u201d.<\/p>\n\n\n\n<p>Se\u00f1al\u00f3 que si para ello hay \u201cque parir recursos los pariremos\u201d.<\/p>\n\n\n\n<p>En funci\u00f3n de ello, solicit\u00f3 el apoyo de los gobernadores, alcaldes y de la empresa privada \u201cporque esto es para todos\u201d, y \u201cuna comunidad con bienestar, con sus problemas resueltos es bueno para todos\u201d.<\/p>\n\n\n\n<p>En segundo lugar, el Mandatario venezolano propuso que las pr\u00f3ximas consultas se realicen barrio adentro de la comuna, como parte de \u201cun nuevo sistema electoral comunal, para el poder comunal\u201d, es decir, \u201cllevar las mesas de votaci\u00f3n adentro de las comunas\u201d.<\/p>\n\n\n\n<p>El presidente Maduro enfatiz\u00f3 la importancia de construir un sistema electoral comunal para las consultas locales, parroquiales, municipales, estadales, por lo que \u201chabr\u00e1 que pensar en una reforma de las leyes para obligar a los alcaldes y gobernadores a consultarle al pueblo de base sus proyectos concretos y los recursos\u201d.<\/p>\n\n\n\n<p>Este domingo, los Consejos Comunales y las comunas dieron nuevamente un ejemplo de consciencia. El jefe de Estado agreg\u00f3 que la Consulta Popular es el primer paso hacia una nueva forma del poder, hac\u00eda una nueva civilizaci\u00f3n, donde \u201cen ciudades tan complejas, tan dif\u00edciles, tan habitas, podamos ir construyendo la red del empoderamiento popular, la fuerza del auto gobierno\u201d.<\/p>\n\n\n\n<p>Insisti\u00f3 en que es imperioso ir a una gran transformaci\u00f3n en las formas de gobernar, y que \u201clos recursos se tienen que colocar all\u00ed donde est\u00e9n los proyectos populares, de las bases, de manera directa, sin burocratismo\u201d.<\/p>\n\n\n\n<p>Junto a vecinas y vecinos que participaron en esta jornada, pidi\u00f3 concreci\u00f3n de los proyectos que resultaron priorizados, as\u00ed como los que calificaron en segundo lugar. \u201c(\u2026) No puede haber demora.<\/p>\n\n\n\n<p>Yo quiero que me den un presupuesto, quisiera explorar para que vecinos y vecinas de los 4.500 circuitos comunales buscaran el dinero, para nosotros conseguir la plata y financiar los proyectos que llegaron en segundo lugar, que tambi\u00e9n son una necesidad de las comunidades\u201d, puntualiz\u00f3 desde su programa \u201cCon Maduro +\u201d, en su edici\u00f3n n\u00famero 42.<\/p>\n\n\n\n<p><strong>Prensa Presidencial \/ Ana\u00eds P\u00e9rez<\/strong><\/p>\n","protected":false},"excerpt":{"rendered":"<p>Palacio de Miraflores, Caracas.- En relaci\u00f3n a la jornada de democracia directa en la que el pueblo venezolano eligi\u00f3 este domingo 4500 proyectos comunales en el proceso de Consulta Popular Nacional 2024, y que se caracteriz\u00f3 por ser un ejercicio democr\u00e1tico cargado de alegr\u00eda y esperanza en el que el pueblo tom\u00f3 decisiones, el presidente [&hellip;]<\/p>\n","protected":false},"author":4,"featured_media":10543,"comment_status":"open","ping_status":"open","sticky":false,"template":"","format":"standard","meta":{"footnotes":""},"categories":[18,7],"tags":[],"class_list":["post-10542","post","type-post","status-publish","format-standard","has-post-thumbnail","hentry","category-noticias-principales","category-notas-de-prensa"],"_links":{"self":[{"href":"https:\/\/prensapresidencialvenezuela.gob.ve\/index.php\/wp-json\/wp\/v2\/posts\/10542","targetHints":{"allow":["GET"]}}],"collection":[{"href":"https:\/\/prensapresidencialvenezuela.gob.ve\/index.php\/wp-json\/wp\/v2\/posts"}],"about":[{"href":"https:\/\/prensapresidencialvenezuela.gob.ve\/index.php\/wp-json\/wp\/v2\/types\/post"}],"author":[{"embeddable":true,"href":"https:\/\/prensapresidencialvenezuela.gob.ve\/index.php\/wp-json\/wp\/v2\/users\/4"}],"replies":[{"embeddable":true,"href":"https:\/\/prensapresidencialvenezuela.gob.ve\/index.php\/wp-json\/wp\/v2\/comments?post=10542"}],"version-history":[{"count":1,"href":"https:\/\/prensapresidencialvenezuela.gob.ve\/index.php\/wp-json\/wp\/v2\/posts\/10542\/revisions"}],"predecessor-version":[{"id":10544,"href":"https:\/\/prensapresidencialvenezuela.gob.ve\/index.php\/wp-json\/wp\/v2\/posts\/10542\/revisions\/10544"}],"wp:featuredmedia":[{"embeddable":true,"href":"https:\/\/prensapresidencialvenezuela.gob.ve\/index.php\/wp-json\/wp\/v2\/media\/10543"}],"wp:attachment":[{"href":"https:\/\/prensapresidencialvenezuela.gob.ve\/index.php\/wp-json\/wp\/v2\/media?parent=10542"}],"wp:term":[{"taxonomy":"category","embeddable":true,"href":"https:\/\/prensapresidencialvenezuela.gob.ve\/index.php\/wp-json\/wp\/v2\/categories?post=10542"},{"taxonomy":"post_tag","embeddable":true,"href":"https:\/\/prensapresidencialvenezuela.gob.ve\/index.php\/wp-json\/wp\/v2\/tags?post=10542"}],"curies":[{"name":"wp","href":"https:\/\/api.w.org\/{rel}","templated":true}]}}