{"id":10563,"date":"2024-04-23T20:11:04","date_gmt":"2024-04-24T00:11:04","guid":{"rendered":"http:\/\/172.27.0.121\/?p=10563"},"modified":"2024-04-23T20:11:04","modified_gmt":"2024-04-24T00:11:04","slug":"fiscal-de-la-cpi-celebra-inclusion-del-estatuto-de-roma-en-la-legislacion-nacional","status":"publish","type":"post","link":"https:\/\/prensapresidencialvenezuela.gob.ve\/index.php\/2024\/04\/23\/fiscal-de-la-cpi-celebra-inclusion-del-estatuto-de-roma-en-la-legislacion-nacional\/","title":{"rendered":"Fiscal de la CPI celebra inclusi\u00f3n del Estatuto de Roma en la legislaci\u00f3n nacional"},"content":{"rendered":"\n<p><strong>Palacio de Miraflores, Caracas. \u2013 <\/strong>El Fiscal de la Corte Penal Internacional (CPI), Karim A.A. Khan QC, se mostr\u00f3 agradecido, toda vez que la Oficina del Alto Comisionado de DDHH de la Organizaci\u00f3n de las Naciones Unidas retornar\u00e1 a Venezuela.<\/p>\n\n\n\n<p>Al ofrecer declaraciones junto al presidente Nicol\u00e1s Maduro, desde el Palacio de Miraflores, en Caracas, subray\u00f3 la importancia de este paso que calific\u00f3 de positivo.<\/p>\n\n\n\n<p><a><\/a>Es \u201calgo que hay que felicitar y es algo que se deber\u00eda subrayar en su importancia. Yo quiero regresar, quiero ver el progreso\u201d, dijo al tiempo que precis\u00f3 que \u201cuno de los temas que acordamos t\u00e9cnicamente, entre los equipos, es que cuando regresen vamos a acordar internamente ciertos hitos, plazos (\u2026) no de un lado o de otro, nosotros queremos avanzar con un enfoque seg\u00fan lo que firmamos, el Memor\u00e1ndum de Entendimiento y la complementariedad\u201d.<\/p>\n\n\n\n<p>Asimismo, valor\u00f3 positivamente decisi\u00f3n del Estado venezolano de incluir el Estatuto de Roma en la legislaci\u00f3n nacional.<\/p>\n\n\n\n<p>\u201cCreo que esto es algo que deber\u00eda aplaudirse, que usted (presidente Maduro) se ha comprometido tambi\u00e9n y el gobierno de Venezuela a incorporar en la legislaci\u00f3n nacional de la Rep\u00fablica Bolivariana de Venezuela el Estatuto de Roma, seg\u00fan los valores de la Constituci\u00f3n de este pa\u00eds. Yo creo que este es un paso muy importante, no podemos subestimarlo\u201d.<\/p>\n\n\n\n<p>El Fiscal de la Corte Penal Internacional anunci\u00f3 que su equipo va a regresar a Venezuela en un plazo de tres semanas aproximadamente para interactuar con los expertos venezolanos, \u201cpara que podamos trabajar desde el punto de vista t\u00e9cnico un tema de capacitaci\u00f3n y apoyo, y otras iniciativas, para tratar de resolver de manera conjunta un problema que nos permita que Venezuela siga madurando y resolviendo los problemas que existen\u201d.<\/p>\n\n\n\n<p>Ratific\u00f3 sus palabras de agradecimiento por la hospitalidad del presidente Maduro y la vicepresidenta de la Rep\u00fablica, Delcy Rodr\u00edguez.<\/p>\n\n\n\n<p>\u201cAgradezco mucho, seg\u00fan la complementariedad y las ventajas de la sociedad, me muestro muy agradecido de que usted (presidente Maduro) haya expresado su compromiso a mis instancias de permitir que la Oficina del Alto Comisionado de la ONU regrese a Venezuela y darle efecto mayor lo m\u00e1s pronto posible\u201d, destac\u00f3 Karim A.A. Khan QC<\/p>\n\n\n\n<p><strong>Prensa Presidencial \/ Ana\u00eds P\u00e9rez<\/strong><\/p>\n","protected":false},"excerpt":{"rendered":"<p>Palacio de Miraflores, Caracas. \u2013 El Fiscal de la Corte Penal Internacional (CPI), Karim A.A. Khan QC, se mostr\u00f3 agradecido, toda vez que la Oficina del Alto Comisionado de DDHH de la Organizaci\u00f3n de las Naciones Unidas retornar\u00e1 a Venezuela. Al ofrecer declaraciones junto al presidente Nicol\u00e1s Maduro, desde el Palacio de Miraflores, en Caracas, [&hellip;]<\/p>\n","protected":false},"author":4,"featured_media":10565,"comment_status":"open","ping_status":"open","sticky":false,"template":"","format":"standard","meta":{"footnotes":""},"categories":[18,7],"tags":[129,178,30,19,27,20],"class_list":["post-10563","post","type-post","status-publish","format-standard","has-post-thumbnail","hentry","category-noticias-principales","category-notas-de-prensa","tag-cpi","tag-ddhh","tag-destacado","tag-nicolas-maduro","tag-revolucion-bolivariana","tag-venezuela"],"_links":{"self":[{"href":"https:\/\/prensapresidencialvenezuela.gob.ve\/index.php\/wp-json\/wp\/v2\/posts\/10563","targetHints":{"allow":["GET"]}}],"collection":[{"href":"https:\/\/prensapresidencialvenezuela.gob.ve\/index.php\/wp-json\/wp\/v2\/posts"}],"about":[{"href":"https:\/\/prensapresidencialvenezuela.gob.ve\/index.php\/wp-json\/wp\/v2\/types\/post"}],"author":[{"embeddable":true,"href":"https:\/\/prensapresidencialvenezuela.gob.ve\/index.php\/wp-json\/wp\/v2\/users\/4"}],"replies":[{"embeddable":true,"href":"https:\/\/prensapresidencialvenezuela.gob.ve\/index.php\/wp-json\/wp\/v2\/comments?post=10563"}],"version-history":[{"count":1,"href":"https:\/\/prensapresidencialvenezuela.gob.ve\/index.php\/wp-json\/wp\/v2\/posts\/10563\/revisions"}],"predecessor-version":[{"id":10566,"href":"https:\/\/prensapresidencialvenezuela.gob.ve\/index.php\/wp-json\/wp\/v2\/posts\/10563\/revisions\/10566"}],"wp:featuredmedia":[{"embeddable":true,"href":"https:\/\/prensapresidencialvenezuela.gob.ve\/index.php\/wp-json\/wp\/v2\/media\/10565"}],"wp:attachment":[{"href":"https:\/\/prensapresidencialvenezuela.gob.ve\/index.php\/wp-json\/wp\/v2\/media?parent=10563"}],"wp:term":[{"taxonomy":"category","embeddable":true,"href":"https:\/\/prensapresidencialvenezuela.gob.ve\/index.php\/wp-json\/wp\/v2\/categories?post=10563"},{"taxonomy":"post_tag","embeddable":true,"href":"https:\/\/prensapresidencialvenezuela.gob.ve\/index.php\/wp-json\/wp\/v2\/tags?post=10563"}],"curies":[{"name":"wp","href":"https:\/\/api.w.org\/{rel}","templated":true}]}}