{"id":1057,"date":"2022-02-02T18:28:00","date_gmt":"2022-02-02T18:28:00","guid":{"rendered":"http:\/\/172.27.0.121\/?p=1057"},"modified":"2022-06-01T18:30:21","modified_gmt":"2022-06-01T18:30:21","slug":"nueva-fase-del-plan-vuelta-a-la-patria-iniciara-en-marzo","status":"publish","type":"post","link":"https:\/\/prensapresidencialvenezuela.gob.ve\/index.php\/2022\/02\/02\/nueva-fase-del-plan-vuelta-a-la-patria-iniciara-en-marzo\/","title":{"rendered":"Nueva fase del Plan Vuelta a la Patria iniciar\u00e1 en marzo"},"content":{"rendered":"\n<p><strong>Palacio de Miraflores, Caracas.-<\/strong> A partir del mes de marzo, iniciar\u00e1 una nueva fase del Plan Vuelta a la Patria para triplicar el n\u00famero de vuelos para el retorno seguro de connacionales que residen temporalmente en pa\u00edses de la regi\u00f3n.<\/p>\n\n\n\n<p>El anuncio lo realiz\u00f3 el presidente de la Rep\u00fablica, Nicol\u00e1s Maduro, quien detall\u00f3 que, inicialmente, atender\u00e1 a quienes ya est\u00e9n inscritos para que regresen \u00aba vivir, a trabajar en su tierra sin xenofobia\u00bb.<\/p>\n\n\n\n<p>\u00abTienen las puertas abiertas de nuestro pa\u00eds para regresar y desarrollarse en paz, sin discriminaci\u00f3n al lado de sus familias y en su tierra\u00bb, enfatiz\u00f3 desde el Palacio de Miraflores, ubicado en Caracas.<\/p>\n\n\n\n<p>Al se\u00f1alar que migrantes \u00abhan descubierto en su dolor y soledad que aman a Venezuela\u00bb, destac\u00f3 que muchos connacionales \u00abse est\u00e1n regresando por su cuenta\u00bb ante el incremento de la xenofobia en pa\u00edses receptores.<\/p>\n\n\n\n<p>En este sentido, el Jefe de Estado lament\u00f3 la arremetida contra un campamento de migrantes venezolanos en Chile, registrado el domingo 30 de enero en la localidad de Iquique.<\/p>\n\n\n\n<p>\u00abHay mucha discriminaci\u00f3n, mucha xenofobia que se ha sembrado contra Venezuela. Los atacan con odio, con desprecio, con fascismo\u00bb, asever\u00f3.<br>En contraparte, se\u00f1al\u00f3 que en Venezuela \u00abnunca ha habido xenofobia\u00bb contra los extranjeros que arribaron a la naci\u00f3n en busca de oportunidades.<br>\u00abNunca ha habido maltrato, xenofobia contra nadie. Bienvenidos\u00bb, agreg\u00f3.<\/p>\n\n\n\n<p>El Dignatario reiter\u00f3 su invitaci\u00f3n a los venezolanos que permanecen en el extranjero para que retornen y se sumen a las iniciativas productivas que se desarrollan en la naci\u00f3n.<\/p>\n\n\n\n<p><strong>Prensa Presidencial\/Karelis Gonz\u00e1lez<\/strong><\/p>\n","protected":false},"excerpt":{"rendered":"<p>Palacio de Miraflores, Caracas.- A partir del mes de marzo, iniciar\u00e1 una nueva fase del Plan Vuelta a la Patria para triplicar el n\u00famero de vuelos para el retorno seguro de connacionales que residen temporalmente en pa\u00edses de la regi\u00f3n. El anuncio lo realiz\u00f3 el presidente de la Rep\u00fablica, Nicol\u00e1s Maduro, quien detall\u00f3 que, inicialmente, [&hellip;]<\/p>\n","protected":false},"author":6,"featured_media":1058,"comment_status":"open","ping_status":"open","sticky":false,"template":"","format":"standard","meta":{"footnotes":""},"categories":[7],"tags":[],"class_list":["post-1057","post","type-post","status-publish","format-standard","has-post-thumbnail","hentry","category-notas-de-prensa"],"_links":{"self":[{"href":"https:\/\/prensapresidencialvenezuela.gob.ve\/index.php\/wp-json\/wp\/v2\/posts\/1057","targetHints":{"allow":["GET"]}}],"collection":[{"href":"https:\/\/prensapresidencialvenezuela.gob.ve\/index.php\/wp-json\/wp\/v2\/posts"}],"about":[{"href":"https:\/\/prensapresidencialvenezuela.gob.ve\/index.php\/wp-json\/wp\/v2\/types\/post"}],"author":[{"embeddable":true,"href":"https:\/\/prensapresidencialvenezuela.gob.ve\/index.php\/wp-json\/wp\/v2\/users\/6"}],"replies":[{"embeddable":true,"href":"https:\/\/prensapresidencialvenezuela.gob.ve\/index.php\/wp-json\/wp\/v2\/comments?post=1057"}],"version-history":[{"count":1,"href":"https:\/\/prensapresidencialvenezuela.gob.ve\/index.php\/wp-json\/wp\/v2\/posts\/1057\/revisions"}],"predecessor-version":[{"id":1059,"href":"https:\/\/prensapresidencialvenezuela.gob.ve\/index.php\/wp-json\/wp\/v2\/posts\/1057\/revisions\/1059"}],"wp:featuredmedia":[{"embeddable":true,"href":"https:\/\/prensapresidencialvenezuela.gob.ve\/index.php\/wp-json\/wp\/v2\/media\/1058"}],"wp:attachment":[{"href":"https:\/\/prensapresidencialvenezuela.gob.ve\/index.php\/wp-json\/wp\/v2\/media?parent=1057"}],"wp:term":[{"taxonomy":"category","embeddable":true,"href":"https:\/\/prensapresidencialvenezuela.gob.ve\/index.php\/wp-json\/wp\/v2\/categories?post=1057"},{"taxonomy":"post_tag","embeddable":true,"href":"https:\/\/prensapresidencialvenezuela.gob.ve\/index.php\/wp-json\/wp\/v2\/tags?post=1057"}],"curies":[{"name":"wp","href":"https:\/\/api.w.org\/{rel}","templated":true}]}}