{"id":10582,"date":"2024-04-23T20:38:40","date_gmt":"2024-04-24T00:38:40","guid":{"rendered":"http:\/\/172.27.0.121\/?p=10582"},"modified":"2024-04-23T20:38:40","modified_gmt":"2024-04-24T00:38:40","slug":"en-claves-conozca-los-acuerdos-entre-venezuela-y-la-fiscalia-de-la-cpi","status":"publish","type":"post","link":"https:\/\/prensapresidencialvenezuela.gob.ve\/index.php\/2024\/04\/23\/en-claves-conozca-los-acuerdos-entre-venezuela-y-la-fiscalia-de-la-cpi\/","title":{"rendered":"En Claves | Conozca los acuerdos entre Venezuela y la Fiscal\u00eda de la CPI"},"content":{"rendered":"\n<p><strong>Palacio de Miraflores, Caracas.-<\/strong> El presidente de la Rep\u00fablica, Nicol\u00e1s Maduro, anunci\u00f3 este martes los acuerdos a los que lleg\u00f3 Venezuela y el Fiscal de la Corte Penal Internacional (CPI), Karim A.A. Khan QC, en diversos temas.<\/p>\n\n\n\n<p>\u201cHemos conversado m\u00faltiples temas ayer estuvimos en una reuni\u00f3n de dos horas, corta, y hoy estuvimos dos horas otra vez, conversando diversos temas\u201d, inform\u00f3 el Jefe de Estado en declaraciones conjuntas con el Fiscal de la CPI, Karim A.A. Khan QC, desde el Sal\u00f3n Sim\u00f3n Bol\u00edvar del Palacio de Miraflores, en Caracas.&nbsp;&nbsp;<\/p>\n\n\n\n<p>1.- Sacar el m\u00e1ximo provecho a la asistencia t\u00e9cnica de la Oficina de la Fiscal\u00eda inaugurada el lunes, 22 de abril de 2024, en Caracas.<\/p>\n\n\n\n<p>2.- Se ratifica el compromiso de seguir el proceso de renovaci\u00f3n jur\u00eddica en materia de justicia y derechos humanos (DD.HH.).<\/p>\n\n\n\n<p>3.- Avanzar en el perfeccionamiento de los mecanismos de complementariedad positiva ya existente.<\/p>\n\n\n\n<p>4.- Venezuela dar\u00e1 la bienvenida de la asistencia t\u00e9cnica de una delegaci\u00f3n de la CPI que llegar\u00e1 al pa\u00eds en tres semanas.<\/p>\n\n\n\n<p>5.- &nbsp;Venezuela abrir\u00e1 nuevamente la Oficina del Alto Comisionado de DDHH de la ONU.<a><\/a><\/p>\n\n\n\n<p>\u201cEstamos totalmente comprometidos en el ordenamiento jur\u00eddico interno, los principios y valores del Estatuto de Roma, como signatarios que somos\u201d, afirm\u00f3 el Presidente.<\/p>\n\n\n\n<p><strong>Prensa Presidencial\/Rosiris Ortega Ortiz<\/strong><strong><\/strong><\/p>\n","protected":false},"excerpt":{"rendered":"<p>Palacio de Miraflores, Caracas.- El presidente de la Rep\u00fablica, Nicol\u00e1s Maduro, anunci\u00f3 este martes los acuerdos a los que lleg\u00f3 Venezuela y el Fiscal de la Corte Penal Internacional (CPI), Karim A.A. Khan QC, en diversos temas. \u201cHemos conversado m\u00faltiples temas ayer estuvimos en una reuni\u00f3n de dos horas, corta, y hoy estuvimos dos horas [&hellip;]<\/p>\n","protected":false},"author":4,"featured_media":10583,"comment_status":"open","ping_status":"open","sticky":false,"template":"","format":"standard","meta":{"footnotes":""},"categories":[18,7],"tags":[129,178,30,38,19,27,20],"class_list":["post-10582","post","type-post","status-publish","format-standard","has-post-thumbnail","hentry","category-noticias-principales","category-notas-de-prensa","tag-cpi","tag-ddhh","tag-destacado","tag-diplomacia-bolivariana-de-paz","tag-nicolas-maduro","tag-revolucion-bolivariana","tag-venezuela"],"_links":{"self":[{"href":"https:\/\/prensapresidencialvenezuela.gob.ve\/index.php\/wp-json\/wp\/v2\/posts\/10582","targetHints":{"allow":["GET"]}}],"collection":[{"href":"https:\/\/prensapresidencialvenezuela.gob.ve\/index.php\/wp-json\/wp\/v2\/posts"}],"about":[{"href":"https:\/\/prensapresidencialvenezuela.gob.ve\/index.php\/wp-json\/wp\/v2\/types\/post"}],"author":[{"embeddable":true,"href":"https:\/\/prensapresidencialvenezuela.gob.ve\/index.php\/wp-json\/wp\/v2\/users\/4"}],"replies":[{"embeddable":true,"href":"https:\/\/prensapresidencialvenezuela.gob.ve\/index.php\/wp-json\/wp\/v2\/comments?post=10582"}],"version-history":[{"count":1,"href":"https:\/\/prensapresidencialvenezuela.gob.ve\/index.php\/wp-json\/wp\/v2\/posts\/10582\/revisions"}],"predecessor-version":[{"id":10587,"href":"https:\/\/prensapresidencialvenezuela.gob.ve\/index.php\/wp-json\/wp\/v2\/posts\/10582\/revisions\/10587"}],"wp:featuredmedia":[{"embeddable":true,"href":"https:\/\/prensapresidencialvenezuela.gob.ve\/index.php\/wp-json\/wp\/v2\/media\/10583"}],"wp:attachment":[{"href":"https:\/\/prensapresidencialvenezuela.gob.ve\/index.php\/wp-json\/wp\/v2\/media?parent=10582"}],"wp:term":[{"taxonomy":"category","embeddable":true,"href":"https:\/\/prensapresidencialvenezuela.gob.ve\/index.php\/wp-json\/wp\/v2\/categories?post=10582"},{"taxonomy":"post_tag","embeddable":true,"href":"https:\/\/prensapresidencialvenezuela.gob.ve\/index.php\/wp-json\/wp\/v2\/tags?post=10582"}],"curies":[{"name":"wp","href":"https:\/\/api.w.org\/{rel}","templated":true}]}}