{"id":10608,"date":"2024-04-24T14:34:02","date_gmt":"2024-04-24T18:34:02","guid":{"rendered":"http:\/\/172.27.0.121\/?p=10608"},"modified":"2024-04-24T14:34:02","modified_gmt":"2024-04-24T18:34:02","slug":"alba-tcp-un-modelo-de-integracion-de-los-nuevos-tiempos","status":"publish","type":"post","link":"https:\/\/prensapresidencialvenezuela.gob.ve\/index.php\/2024\/04\/24\/alba-tcp-un-modelo-de-integracion-de-los-nuevos-tiempos\/","title":{"rendered":"ALBA-TCP un modelo de integraci\u00f3n de los nuevos tiempos"},"content":{"rendered":"\n<p><strong>Palacio de Miraflores, Caracas.-<\/strong> Con la visi\u00f3n adelantada a los nuevos tiempos los lideres revolucionarios Fidel Castro Ruz y Hugo Ch\u00e1vez, el 14 de diciembre de 2004, en La Habana &#8211; Cuba, dieron vida a los anhelos de inclusi\u00f3n y justicia social en el bloque de integraci\u00f3n suramericana de la Alianza Bolivariana para los Pueblos de Nuestra Am\u00e9rica \u2013 m\u00e1s tarde por iniciativa de Bolivia en 2006- Tratado de Comercio de los Pueblos (ALBA-TCP).<\/p>\n\n\n\n<p>Con la llegada del siglo XXI, la esperanza de los pueblos se hizo idea, palabra y acci\u00f3n. El pensamiento integracionista de Fidel Castro Ruz y Hugo Ch\u00e1vez cruzaron la oscura madrugada para levantar con el alba una humana propuesta para los pueblos de Latinoam\u00e9rica y el Caribe.<\/p>\n\n\n\n<p>El ALBA-TCP, signific\u00f3 un parteaguas entre el modelo agotado del capitalismo con la transnacionalizaci\u00f3n de las econom\u00edas latinoamericanas y caribe\u00f1as, deudas externas yAcuerdos de Libre Comercio que dejaron pobreza cr\u00edtica en nuestros pueblos y el modelo que aspira a la integraci\u00f3n, cooperaci\u00f3n, solidaridad y la voluntad com\u00fan para el desarrollo integral con independencia y soberan\u00eda para ir venciendo las asimetr\u00edas sociales.<\/p>\n\n\n\n<p>Hoy la alianza rechaza la imposici\u00f3n de Medidas Coercitivas Unilaterales e ilegales bloqueos contra Cuba, Venezuela y Nicaragua, como expresi\u00f3n de la Doctrina Monroe, as\u00ed como la implementaci\u00f3n del Plan C\u00f3ndor (2), que pretende su hegemon\u00eda en los sistemas jur\u00eddicos y de seguridad para intervenir en asuntos internos y burlar el Derecho Internacional.<\/p>\n\n\n\n<p>En esencia, el bloque sudamericano expresa el pensamiento anticolonial, hoy antiimperialista del Libertador Sim\u00f3n Bol\u00edvar, plasmado en la Carta de Jamaica de 1815, cuando se estableci\u00f3 la doctrina de unidad y soberan\u00eda sobre el yugo espa\u00f1ol, de este \u00faltimo que m\u00e1s tarde ser\u00eda el antecedente de la Doctrina Monroe.<\/p>\n\n\n\n<p>Hoy cuando se celebra en Caracas, la XXIII Cumbre de Jefes de Estado y de Gobierno del ALBA-TCP, se muestra al mundo los frutos de la integraci\u00f3n del bloque que lo conforman con 10 naciones: Cuba y Venezuela -pa\u00edses fundadores- Bolivia, Dominica, Granada, Nicaragua, San Crist\u00f3bal y Nieves, San Vicente y las Granadinas y Santa Lucia; como invitados especiales est\u00e1n Hait\u00ed, Siria y Surinam.<\/p>\n\n\n\n<p>El presidente de la Rep\u00fablica Bolivariana de Venezuela, Nicol\u00e1s Maduro, quien recibe a los Mandatarios en el Palacio de Miraflores este mi\u00e9rcoles 24 de abril, resalt\u00f3 la importancia de la alianza en los nuevos tiempos.<\/p>\n\n\n\n<p>\u201cLa ALBA-TCP es la comunidad de nuestra regi\u00f3n para la uni\u00f3n de voluntades con el di\u00e1logo inclusivo, el respeto, la cooperaci\u00f3n y la concertaci\u00f3n pol\u00edtica. Frente a la diversidad, debemos seguir avanzando hacia la integraci\u00f3n de nuestra Am\u00e9rica y el desarrollo de los pueblos\u201d, escribi\u00f3 el mandatario en su cuenta de la red social X.<\/p>\n\n\n\n<p><strong>La unidad para el desarrollo de los pueblos<\/strong><\/p>\n\n\n\n<p>En un repaso cronol\u00f3gico de la gesti\u00f3n del ALBA-TCP, se precisan las iniciativas desde Cuba que con el principio de \u201cla solidaridad no es compartir lo que sobra, sino compartir lo que tenemos\u201d, se han fortalecido los programas para la alfabetizaci\u00f3n con el programa<\/p>\n\n\n\n<p>\u201cYo si puedo\u201d, que en el caso de Venezuela, venc\u00eda el oscurantismo heredado por el puntofijismo. As\u00ed mismolos aportesa la salud con en el Sistema Barrio Adentro,que en nuestro pa\u00eds aport\u00f3 la participaci\u00f3n de 30 mil galenos, sumando los programas deportivos y la Misi\u00f3n Cultura Coraz\u00f3n Adentro.<\/p>\n\n\n\n<p>En el \u00e1rea energ\u00e9tica se impuls\u00f3 la creaci\u00f3n y funcionamiento de Petrocaribe, como alianza en materia petrolera para favorecer el desarrollo integral de los pueblos, como formula ideada por el Comandante Eterno Hugo Ch\u00e1vez.<\/p>\n\n\n\n<p>Entre tanto, la solidaridad de Cubase puso de manifiesto para enfrentar la pandemia por el COVID-19, con atenci\u00f3n directa al pueblo y con las vacunas Abdala y Soberana.<\/p>\n\n\n\n<p>Durante la pandemia, el ALBA-TCP, mostr\u00f3 su integraci\u00f3n con la creaci\u00f3n de un fondo de auxilio de 2 mil millones de d\u00f3lares para la compra de vacunas con el fin de salvar vidas, entonces los mandatarios fustigaron la desigualdad en la distribuci\u00f3n de los biol\u00f3gicos y tratamientos que se encontraba en pocas manos.<br>Actualmente se encuentra en discusi\u00f3n la propuesta de una Zona Econ\u00f3mica Complementaria entre los pa\u00edses del ALBA y PETROCARIBE.<\/p>\n\n\n\n<p>De igual modo, se han establecido pol\u00edticas reciprocas sin barreras arancelarias para las importaciones, servicios de transporte a\u00e9reo y mar\u00edtimo, adem\u00e1s de la transferencia tecnol\u00f3gica en el sector energ\u00e9tico y minero, investigaci\u00f3n sobre la biodiversidad, infraestructura, vialidad, turismo, y desarrollo portuario, entre otros aspectos comunes.<\/p>\n\n\n\n<p>La Alianza esta conformada por las siguientes instancias de trabajo:<br>\uf0fc Consejo Presidencial (m\u00e1xima instancia deliberadora y decisoria);<br>\uf0fc Consejo Pol\u00edtico (Conformado por las y los Cancilleres de los Pa\u00edses Miembros).<br>\uf0fc Consejo Social (Formado por los ministros de las \u00e1reas sociales de los Pa\u00edses Miembros).<br>\uf0fc Consejo de Complementaci\u00f3n Econ\u00f3mica (Conformado por ministros designados por cada Pa\u00eds Miembro de los sectores de industrias, econom\u00eda, finanzas, comercio, planificaci\u00f3n y desarrollo).<br>\uf0fc El Consejo de Movimientos Sociales, Comisi\u00f3n Pol\u00edtica, Grupo de Trabajo sobre Derecho Internacional, Autodeterminaci\u00f3n, respeto por la Soberan\u00eda y Derechos Humanos.<br>\uf0fc La Coordinaci\u00f3n Permanente del ALBA, Comit\u00e9 de Defensa de la Naturaleza Comit\u00e9 Permanente de Defensa y Soberan\u00eda y la Secretar\u00eda Ejecutiva, ejercida actualmente por Jorge Arreaza.<\/p>\n\n\n\n<p>La hora de los pueblos latinoamericanos y caribe\u00f1os<br>El Consejo de Movimientos Sociales (CMS) es el principal mecanismo que facilita la integraci\u00f3n y participaci\u00f3n social directa en la ALBA-TCP. Es un espacio antiimperialista, antineoliberal y comprometido en trabajar para alcanzar, la mayor suma de seguridad social y de felicidad posible, en armon\u00eda con la naturaleza, la justicia social y la verdadera soberan\u00eda de nuestros pueblos.<\/p>\n\n\n\n<p>Tiene como misi\u00f3n articular a los Movimientos Sociales de los pa\u00edses miembros del ALBA-TCP y a aquellos de pa\u00edses no miembros, que se identifiquen con este esfuerzo y tiene la responsabilidad de aportar al desarrollo y ampliaci\u00f3n del proceso del bloque continental<\/p>\n\n\n\n<p>Hoy el ALBA-TCP, mantiene su integraci\u00f3n con la apuesta de consolidar lo que Bol\u00edvar concibi\u00f3: \u201cver formar en Am\u00e9rica la m\u00e1s grande naci\u00f3n del mundo, menos por su extensi\u00f3n y riqueza que por su libertad y gloria\u201d, yel pensamiento del ap\u00f3stol Jos\u00e9 Mart\u00ed: la \u201cAm\u00e9rica Nuestra\u201d, para diferenciarla de la otra Am\u00e9rica, expansionista y de apetitos imperiales.<\/p>\n\n\n\n<p><strong>Prensa Presidencial\/Yndira L\u00f3pez<\/strong><\/p>\n","protected":false},"excerpt":{"rendered":"<p>Palacio de Miraflores, Caracas.- Con la visi\u00f3n adelantada a los nuevos tiempos los lideres revolucionarios Fidel Castro Ruz y Hugo Ch\u00e1vez, el 14 de diciembre de 2004, en La Habana &#8211; Cuba, dieron vida a los anhelos de inclusi\u00f3n y justicia social en el bloque de integraci\u00f3n suramericana de la Alianza Bolivariana para los Pueblos [&hellip;]<\/p>\n","protected":false},"author":1,"featured_media":10611,"comment_status":"open","ping_status":"open","sticky":false,"template":"","format":"standard","meta":{"footnotes":""},"categories":[18,10],"tags":[179,30,38,19,27,20],"class_list":["post-10608","post","type-post","status-publish","format-standard","has-post-thumbnail","hentry","category-noticias-principales","category-especiales","tag-alba-tcp","tag-destacado","tag-diplomacia-bolivariana-de-paz","tag-nicolas-maduro","tag-revolucion-bolivariana","tag-venezuela"],"_links":{"self":[{"href":"https:\/\/prensapresidencialvenezuela.gob.ve\/index.php\/wp-json\/wp\/v2\/posts\/10608","targetHints":{"allow":["GET"]}}],"collection":[{"href":"https:\/\/prensapresidencialvenezuela.gob.ve\/index.php\/wp-json\/wp\/v2\/posts"}],"about":[{"href":"https:\/\/prensapresidencialvenezuela.gob.ve\/index.php\/wp-json\/wp\/v2\/types\/post"}],"author":[{"embeddable":true,"href":"https:\/\/prensapresidencialvenezuela.gob.ve\/index.php\/wp-json\/wp\/v2\/users\/1"}],"replies":[{"embeddable":true,"href":"https:\/\/prensapresidencialvenezuela.gob.ve\/index.php\/wp-json\/wp\/v2\/comments?post=10608"}],"version-history":[{"count":1,"href":"https:\/\/prensapresidencialvenezuela.gob.ve\/index.php\/wp-json\/wp\/v2\/posts\/10608\/revisions"}],"predecessor-version":[{"id":10612,"href":"https:\/\/prensapresidencialvenezuela.gob.ve\/index.php\/wp-json\/wp\/v2\/posts\/10608\/revisions\/10612"}],"wp:featuredmedia":[{"embeddable":true,"href":"https:\/\/prensapresidencialvenezuela.gob.ve\/index.php\/wp-json\/wp\/v2\/media\/10611"}],"wp:attachment":[{"href":"https:\/\/prensapresidencialvenezuela.gob.ve\/index.php\/wp-json\/wp\/v2\/media?parent=10608"}],"wp:term":[{"taxonomy":"category","embeddable":true,"href":"https:\/\/prensapresidencialvenezuela.gob.ve\/index.php\/wp-json\/wp\/v2\/categories?post=10608"},{"taxonomy":"post_tag","embeddable":true,"href":"https:\/\/prensapresidencialvenezuela.gob.ve\/index.php\/wp-json\/wp\/v2\/tags?post=10608"}],"curies":[{"name":"wp","href":"https:\/\/api.w.org\/{rel}","templated":true}]}}