{"id":10610,"date":"2024-04-24T14:53:43","date_gmt":"2024-04-24T18:53:43","guid":{"rendered":"http:\/\/172.27.0.121\/?p=10610"},"modified":"2024-04-24T14:54:04","modified_gmt":"2024-04-24T18:54:04","slug":"presidente-maduro-sostiene-encuentro-con-lideres-del-alba-tcp","status":"publish","type":"post","link":"https:\/\/prensapresidencialvenezuela.gob.ve\/index.php\/2024\/04\/24\/presidente-maduro-sostiene-encuentro-con-lideres-del-alba-tcp\/","title":{"rendered":"Presidente Maduro sostiene encuentro con l\u00edderes del ALBA-TCP"},"content":{"rendered":"\n<p><strong>Palacio de Miraflores, Caracas.-<\/strong> El jefe de Estado venezolano, Nicolas Maduro Moros, sostiene la tarde de este mi\u00e9rcoles un encuentro con los l\u00edderes que integran la Alternativa Bolivariana para los Pueblos de Nuestra Am\u00e9rica, Tratado de Comercio de los Pueblos (ALBA-TCP).<\/p>\n\n\n\n<p>La reuni\u00f3n que se efect\u00faa en el Sal\u00f3n Sol del Per\u00fa del Palacio de Miraflores, ubicado en Caracas, tiene como objetivo evaluar los desaf\u00edos del bloque regional que apunta a la construcci\u00f3n de un nuevo orden mundial.<\/p>\n\n\n\n<p>Participan en el encuentro el presidente de la Rep\u00fablica de Cuba, Miguel D\u00edaz, Canel, el presidente de la Rep\u00fablica de Nicaragua, Daniel Ortega, el presidente del Estado Plurinacional de Bolivia, Luis Arce, el primer ministro de San Vicente y las Granadinas, Ralph Gonsalves, el primer ministro de Dominica, Roosevelt Skerrit, el primer ministro de Santa Luc\u00eda, Phillip Pierre, el primer ministro de Antigua y Barbuda, Gast\u00f3n Browne, el canciller de Granada, Joseph Andall y el Embajador de Sn Crist\u00f3bal y Nievs, Norgen Wilson.<\/p>\n\n\n\n<p>El Presidente Maduro ha enfatizado que el ALBA-TCP constituye el camino de la uni\u00f3n y la liberaci\u00f3n de los pueblos de las Am\u00e9ricas.<\/p>\n\n\n\n<p>\u201cEl ALBA cubre todos los espacios geopol\u00edticos de nuestra regi\u00f3n\u201d, ratific\u00f3 en el marco de la XXI Cumbre que se llev\u00f3 a acbo en La Habana, con la certeza de que este mecanismo de concertaci\u00f3n pol\u00edtica encuentra un espacio para que sus diez miembros plenos puedan dialogar abiertamente, sin discriminaci\u00f3n, en pie de igualdad.<\/p>\n\n\n\n<p><strong>Prensa Presidencial\/Karla Cotoret&nbsp;&nbsp;<\/strong><\/p>\n","protected":false},"excerpt":{"rendered":"<p>Palacio de Miraflores, Caracas.- El jefe de Estado venezolano, Nicolas Maduro Moros, sostiene la tarde de este mi\u00e9rcoles un encuentro con los l\u00edderes que integran la Alternativa Bolivariana para los Pueblos de Nuestra Am\u00e9rica, Tratado de Comercio de los Pueblos (ALBA-TCP). La reuni\u00f3n que se efect\u00faa en el Sal\u00f3n Sol del Per\u00fa del Palacio de [&hellip;]<\/p>\n","protected":false},"author":4,"featured_media":10617,"comment_status":"open","ping_status":"open","sticky":false,"template":"","format":"standard","meta":{"footnotes":""},"categories":[18,7],"tags":[179,30,38,19,27,20],"class_list":["post-10610","post","type-post","status-publish","format-standard","has-post-thumbnail","hentry","category-noticias-principales","category-notas-de-prensa","tag-alba-tcp","tag-destacado","tag-diplomacia-bolivariana-de-paz","tag-nicolas-maduro","tag-revolucion-bolivariana","tag-venezuela"],"_links":{"self":[{"href":"https:\/\/prensapresidencialvenezuela.gob.ve\/index.php\/wp-json\/wp\/v2\/posts\/10610","targetHints":{"allow":["GET"]}}],"collection":[{"href":"https:\/\/prensapresidencialvenezuela.gob.ve\/index.php\/wp-json\/wp\/v2\/posts"}],"about":[{"href":"https:\/\/prensapresidencialvenezuela.gob.ve\/index.php\/wp-json\/wp\/v2\/types\/post"}],"author":[{"embeddable":true,"href":"https:\/\/prensapresidencialvenezuela.gob.ve\/index.php\/wp-json\/wp\/v2\/users\/4"}],"replies":[{"embeddable":true,"href":"https:\/\/prensapresidencialvenezuela.gob.ve\/index.php\/wp-json\/wp\/v2\/comments?post=10610"}],"version-history":[{"count":2,"href":"https:\/\/prensapresidencialvenezuela.gob.ve\/index.php\/wp-json\/wp\/v2\/posts\/10610\/revisions"}],"predecessor-version":[{"id":10619,"href":"https:\/\/prensapresidencialvenezuela.gob.ve\/index.php\/wp-json\/wp\/v2\/posts\/10610\/revisions\/10619"}],"wp:featuredmedia":[{"embeddable":true,"href":"https:\/\/prensapresidencialvenezuela.gob.ve\/index.php\/wp-json\/wp\/v2\/media\/10617"}],"wp:attachment":[{"href":"https:\/\/prensapresidencialvenezuela.gob.ve\/index.php\/wp-json\/wp\/v2\/media?parent=10610"}],"wp:term":[{"taxonomy":"category","embeddable":true,"href":"https:\/\/prensapresidencialvenezuela.gob.ve\/index.php\/wp-json\/wp\/v2\/categories?post=10610"},{"taxonomy":"post_tag","embeddable":true,"href":"https:\/\/prensapresidencialvenezuela.gob.ve\/index.php\/wp-json\/wp\/v2\/tags?post=10610"}],"curies":[{"name":"wp","href":"https:\/\/api.w.org\/{rel}","templated":true}]}}