{"id":10613,"date":"2024-04-24T14:40:32","date_gmt":"2024-04-24T18:40:32","guid":{"rendered":"http:\/\/172.27.0.121\/?p=10613"},"modified":"2024-04-24T14:40:32","modified_gmt":"2024-04-24T18:40:32","slug":"palacio-de-miraflores-recibe-a-mandatarios-que-sesionaran-en-la-xxiii-cumbre-del-alba-tcp","status":"publish","type":"post","link":"https:\/\/prensapresidencialvenezuela.gob.ve\/index.php\/2024\/04\/24\/palacio-de-miraflores-recibe-a-mandatarios-que-sesionaran-en-la-xxiii-cumbre-del-alba-tcp\/","title":{"rendered":"Palacio de Miraflores recibe a Mandatarios que sesionar\u00e1n en la XXIII Cumbre del ALBA-TCP"},"content":{"rendered":"\n<p><strong>Palacio de Miraflores, Caracas.\u2013<\/strong> A las 1:36 de la tarde, el Palacio de Miraflores abri\u00f3 sus puertas para recibir a los Jefes de Estado y de Gobierno, Primeros Pinistros y funcionarios de alto nivel que participar\u00e1n en la XXIII Cumbre de la Alianza Bolivariana para los Pueblos de Nuestra Am\u00e9rica \u2013 Tratado de Comercio de los Pueblos (ALBA-TCP), cuya plenaria se realiza este mi\u00e9rcoles.<\/p>\n\n\n\n<p>Los l\u00edderes latinoamericanos y caribe\u00f1os son recibidos por el presidente de la Rep\u00fablica, Nicol\u00e1s Maduro Moros, y el canciller de Venezuela, Yv\u00e1n Gil, en calidad de anfitriones.<\/p>\n\n\n\n<p>El primero en arribar a la edificaci\u00f3n que sirve como sede de la Presidencia, es el presidente del Estado Plurinacional de Bolivia, Luis Arce, quien es recibido por un callej\u00f3n de honor.<\/p>\n\n\n\n<p>La bandera ondeante de la naci\u00f3n suramericana tambi\u00e9n recibi\u00f3 a los presidentes de Cuba, Miguel D\u00edaz-Canel y de Nicaragua, Daniel Ortega; a los primeros ministros de Granada, Keith Mitchell, de San Vicente y las Granadinas, Ralph Gonsalves; de Dominica, Roosevelt Skerrit; de Santa Luc\u00eda, Phillip Pierre; de Antigua y Barbuda, Gast\u00f3n Browne, as\u00ed como delegaciones de alto nivel de San Crist\u00f3bal y Nieves y Granada.<\/p>\n\n\n\n<p>La XXIII Cumbre del ALBA-TCP servir\u00e1 de escenario para la presentaci\u00f3n de la Agenda Estrat\u00e9gica 2030, anunciada por el secretario ejecutivo del ALBA-TCP, Jorge Arreaza, a los delegados del Encuentro para una Alternativa Social Mundial, celebrada recientemente en Caracas y que cuenta con cinco horizontes: econ\u00f3mico, pol\u00edtico, social, cultural y comunicacional.<\/p>\n\n\n\n<p><strong>Prensa Presidencial \/ Karelis Gonz\u00e1lez<\/strong><\/p>\n","protected":false},"excerpt":{"rendered":"<p>Palacio de Miraflores, Caracas.\u2013 A las 1:36 de la tarde, el Palacio de Miraflores abri\u00f3 sus puertas para recibir a los Jefes de Estado y de Gobierno, Primeros Pinistros y funcionarios de alto nivel que participar\u00e1n en la XXIII Cumbre de la Alianza Bolivariana para los Pueblos de Nuestra Am\u00e9rica \u2013 Tratado de Comercio de [&hellip;]<\/p>\n","protected":false},"author":1,"featured_media":10614,"comment_status":"open","ping_status":"open","sticky":false,"template":"","format":"standard","meta":{"footnotes":""},"categories":[18,7],"tags":[179,30,38,19,27,20],"class_list":["post-10613","post","type-post","status-publish","format-standard","has-post-thumbnail","hentry","category-noticias-principales","category-notas-de-prensa","tag-alba-tcp","tag-destacado","tag-diplomacia-bolivariana-de-paz","tag-nicolas-maduro","tag-revolucion-bolivariana","tag-venezuela"],"_links":{"self":[{"href":"https:\/\/prensapresidencialvenezuela.gob.ve\/index.php\/wp-json\/wp\/v2\/posts\/10613","targetHints":{"allow":["GET"]}}],"collection":[{"href":"https:\/\/prensapresidencialvenezuela.gob.ve\/index.php\/wp-json\/wp\/v2\/posts"}],"about":[{"href":"https:\/\/prensapresidencialvenezuela.gob.ve\/index.php\/wp-json\/wp\/v2\/types\/post"}],"author":[{"embeddable":true,"href":"https:\/\/prensapresidencialvenezuela.gob.ve\/index.php\/wp-json\/wp\/v2\/users\/1"}],"replies":[{"embeddable":true,"href":"https:\/\/prensapresidencialvenezuela.gob.ve\/index.php\/wp-json\/wp\/v2\/comments?post=10613"}],"version-history":[{"count":1,"href":"https:\/\/prensapresidencialvenezuela.gob.ve\/index.php\/wp-json\/wp\/v2\/posts\/10613\/revisions"}],"predecessor-version":[{"id":10615,"href":"https:\/\/prensapresidencialvenezuela.gob.ve\/index.php\/wp-json\/wp\/v2\/posts\/10613\/revisions\/10615"}],"wp:featuredmedia":[{"embeddable":true,"href":"https:\/\/prensapresidencialvenezuela.gob.ve\/index.php\/wp-json\/wp\/v2\/media\/10614"}],"wp:attachment":[{"href":"https:\/\/prensapresidencialvenezuela.gob.ve\/index.php\/wp-json\/wp\/v2\/media?parent=10613"}],"wp:term":[{"taxonomy":"category","embeddable":true,"href":"https:\/\/prensapresidencialvenezuela.gob.ve\/index.php\/wp-json\/wp\/v2\/categories?post=10613"},{"taxonomy":"post_tag","embeddable":true,"href":"https:\/\/prensapresidencialvenezuela.gob.ve\/index.php\/wp-json\/wp\/v2\/tags?post=10613"}],"curies":[{"name":"wp","href":"https:\/\/api.w.org\/{rel}","templated":true}]}}