{"id":10624,"date":"2024-04-24T17:16:30","date_gmt":"2024-04-24T21:16:30","guid":{"rendered":"http:\/\/172.27.0.121\/?p=10624"},"modified":"2024-04-24T17:16:30","modified_gmt":"2024-04-24T21:16:30","slug":"en-claves-alba-tcp-marcha-con-siete-lineas-de-accion-para-la-consolidacion-de-la-agenda-2030","status":"publish","type":"post","link":"https:\/\/prensapresidencialvenezuela.gob.ve\/index.php\/2024\/04\/24\/en-claves-alba-tcp-marcha-con-siete-lineas-de-accion-para-la-consolidacion-de-la-agenda-2030\/","title":{"rendered":"En Claves | ALBA-TCP marcha con siete l\u00edneas de acci\u00f3n para la consolidaci\u00f3n de la AGENDA 2030"},"content":{"rendered":"\n<p>Palacio de Miraflores, Caracas.- Inspirados en la doctrina de los libertadores, la Alianza Bolivariana para los Pueblos de Nuestra Am\u00e9rica \u2013 Tratado de Comercio de los Pueblos (ALBA-TCP) se encamina a una nueva etapa de cooperaci\u00f3n con visi\u00f3n unitaria para alcanzar objetivos en materia geopol\u00edtica, econ\u00f3mica, financiera, sanitaria, educativa, cient\u00edfica y cultural.<\/p>\n\n\n\n<p>En el contexto de la XXIII Cumbre de Jefes de Estado y de Gobierno, instalada en Caracas, el presidente de la Rep\u00fablica, Nicol\u00e1s Maduro, en su condici\u00f3n de anfitri\u00f3n, enfatiz\u00f3 que la Agenda 2030 traza \u201clas grandes metas del corto, mediano plazo\u201d con acciones concretas de acuerdo a las prioridades de los pueblos.<\/p>\n\n\n\n<p>\u201c(\u2026) Una agenda actualizada a los tiempos que estamos viviendo y que nos permita marchar juntos como gobiernos, pueblos, pa\u00edses rumbo a objetivos superiores en todos los campos con una visi\u00f3n unitaria\u201d, puntualiz\u00f3.<\/p>\n\n\n\n<p>Al respecto, subray\u00f3 que el ALBA-TCP debe pasar de una visi\u00f3n de integraci\u00f3n a una visi\u00f3n unitaria, a partir del binomio pueblo-gobierno- para concretar proyectos de cara a los nuevos tiempos.<\/p>\n\n\n\n<p>A continuaci\u00f3n, conozca las siete \u00e1reas fundamentales de la Agenda 2030 del ALBA-TCP:<\/p>\n\n\n\n<p>1) Creaci\u00f3n de la Agencia de Cooperaci\u00f3n y Desarrollo del ALBA-TCP, instancia destinada a consolidar \u201cuna ofensiva multilateral para captar recursos en el mundo para proyectos de desarrollo integral de nuestros pa\u00edses\u201d.<\/p>\n\n\n\n<p>2) Estudiar y aprobar el plan de relanzamiento de Petrocaribe en la nueva etapa, luego del \u201cbombardeo de misiles de sanciones desde Estados Unidos que pretendi\u00f3 destruir Petrocaribe. Lo detuvo, pero no lo destruyo (\u2026) Volver\u00e1\u201d.<\/p>\n\n\n\n<p>3) Aprobaci\u00f3n del Plan ALBA Alimentos, cuyo prop\u00f3sito es alcanzar la autosuficiencia en la producci\u00f3n de alimentos, semillas org\u00e1nicas para la plantaci\u00f3n, fertilizantes no contaminantes, maquinarias agr\u00edcolas, financiamiento de la producci\u00f3n y comercializaci\u00f3n de productos. En este sentido, se inscriben adem\u00e1s el desarrollo de programas conjuntos y aplicaciones cient\u00edficas y t\u00e9cnicas para la mejorar de capacidades productivas.<\/p>\n\n\n\n<p>4) Firmar y adoptar definitivamente el Tratado de Comercio de los Pueblos, propuesto por el Estado Plurinacional de Bolivia, para establecer a los pa\u00edses del ALBA como una zona de comercio justo y de complementariedad econ\u00f3mica en respeto a los niveles de desarrollo de cada naci\u00f3n.<\/p>\n\n\n\n<p>\u201cSolo el ALBA-TCP puede lograr el milagro del equilibrio, aqu\u00ed no hay pa\u00edses grandes o peque\u00f1os, no hay pa\u00edses que quiera hegemonizar o dominar a unos u otros, aqu\u00ed todos somos iguales y, en ese sentido, podemos desarrollar una nueva \u00e9tica para el desarrollo del comercio, inversiones y econom\u00eda\u201d, enfatiz\u00f3 Maduro.<br><br>5) Crear un programa especial de desarrollo cient\u00edfico, cultural, comunicacional y acad\u00e9mico, cuya expresi\u00f3n palpable ser\u00e1 la fundaci\u00f3n de la Universidad del ALBA.<br>6) Relanzamiento del Plan ALBA Salud, que considere la formaci\u00f3n de m\u00e9dicos, enfermeros y especialistas, as\u00ed como la prestaci\u00f3n de servicios de atenci\u00f3n de salud primaria en las comunidades.<\/p>\n\n\n\n<p>7) Avanzar en la creaci\u00f3n de una agencia del ALBA-TCP para la mitigaci\u00f3n del impacto de la emergencia clim\u00e1tica.<\/p>\n\n\n\n<p>Prensa Presidencial \/ Karelis Gonz\u00e1lez<\/p>\n","protected":false},"excerpt":{"rendered":"<p>Palacio de Miraflores, Caracas.- Inspirados en la doctrina de los libertadores, la Alianza Bolivariana para los Pueblos de Nuestra Am\u00e9rica \u2013 Tratado de Comercio de los Pueblos (ALBA-TCP) se encamina a una nueva etapa de cooperaci\u00f3n con visi\u00f3n unitaria para alcanzar objetivos en materia geopol\u00edtica, econ\u00f3mica, financiera, sanitaria, educativa, cient\u00edfica y cultural. En el contexto [&hellip;]<\/p>\n","protected":false},"author":1,"featured_media":10625,"comment_status":"open","ping_status":"open","sticky":false,"template":"","format":"standard","meta":{"footnotes":""},"categories":[18,7],"tags":[179,30,38,19,27,20],"class_list":["post-10624","post","type-post","status-publish","format-standard","has-post-thumbnail","hentry","category-noticias-principales","category-notas-de-prensa","tag-alba-tcp","tag-destacado","tag-diplomacia-bolivariana-de-paz","tag-nicolas-maduro","tag-revolucion-bolivariana","tag-venezuela"],"_links":{"self":[{"href":"https:\/\/prensapresidencialvenezuela.gob.ve\/index.php\/wp-json\/wp\/v2\/posts\/10624","targetHints":{"allow":["GET"]}}],"collection":[{"href":"https:\/\/prensapresidencialvenezuela.gob.ve\/index.php\/wp-json\/wp\/v2\/posts"}],"about":[{"href":"https:\/\/prensapresidencialvenezuela.gob.ve\/index.php\/wp-json\/wp\/v2\/types\/post"}],"author":[{"embeddable":true,"href":"https:\/\/prensapresidencialvenezuela.gob.ve\/index.php\/wp-json\/wp\/v2\/users\/1"}],"replies":[{"embeddable":true,"href":"https:\/\/prensapresidencialvenezuela.gob.ve\/index.php\/wp-json\/wp\/v2\/comments?post=10624"}],"version-history":[{"count":1,"href":"https:\/\/prensapresidencialvenezuela.gob.ve\/index.php\/wp-json\/wp\/v2\/posts\/10624\/revisions"}],"predecessor-version":[{"id":10626,"href":"https:\/\/prensapresidencialvenezuela.gob.ve\/index.php\/wp-json\/wp\/v2\/posts\/10624\/revisions\/10626"}],"wp:featuredmedia":[{"embeddable":true,"href":"https:\/\/prensapresidencialvenezuela.gob.ve\/index.php\/wp-json\/wp\/v2\/media\/10625"}],"wp:attachment":[{"href":"https:\/\/prensapresidencialvenezuela.gob.ve\/index.php\/wp-json\/wp\/v2\/media?parent=10624"}],"wp:term":[{"taxonomy":"category","embeddable":true,"href":"https:\/\/prensapresidencialvenezuela.gob.ve\/index.php\/wp-json\/wp\/v2\/categories?post=10624"},{"taxonomy":"post_tag","embeddable":true,"href":"https:\/\/prensapresidencialvenezuela.gob.ve\/index.php\/wp-json\/wp\/v2\/tags?post=10624"}],"curies":[{"name":"wp","href":"https:\/\/api.w.org\/{rel}","templated":true}]}}