{"id":10636,"date":"2024-04-24T19:31:31","date_gmt":"2024-04-24T23:31:31","guid":{"rendered":"http:\/\/172.27.0.121\/?p=10636"},"modified":"2024-04-24T19:31:31","modified_gmt":"2024-04-24T23:31:31","slug":"presidente-maduro-estados-unidos-y-occidente-se-estan-jugando-la-carta-de-guerra-del-fascismo-y-el-nuevo-colonialismo","status":"publish","type":"post","link":"https:\/\/prensapresidencialvenezuela.gob.ve\/index.php\/2024\/04\/24\/presidente-maduro-estados-unidos-y-occidente-se-estan-jugando-la-carta-de-guerra-del-fascismo-y-el-nuevo-colonialismo\/","title":{"rendered":"Presidente Maduro: Estados Unidos y Occidente se est\u00e1n jugando la carta de guerra del fascismo y el nuevo colonialismo"},"content":{"rendered":"\n<p>Palacio de Miraflores, Caracas.- En el contexto de la agenda de trabajo de la XXIII Cumbre de Jefes de Estado y de Gobierno de la Alianza Bolivariana para los Pueblos de Nuestra Am\u00e9rica-Tratado de Comercio de los Pueblos (ALBA-TCP), el presidente de la Rep\u00fablica Bolivariana de Venezuela Nicol\u00e1s Maduro, exhort\u00f3 a buscar mecanismos de integraci\u00f3n para enfrentar y derrotar el nacimiento del nuevo fascismo y del coloniaje que resurge de la crisis del capitalismo.<\/p>\n\n\n\n<p>\u201cHace 100 a\u00f1os naci\u00f3 el fascismo y el nazismo, 100 a\u00f1os despu\u00e9s resurge desde el capitalismo y desde las posiciones de la extrema derecha el neofascismo, el fascismo. Habr\u00eda que estudiar el fen\u00f3meno del surgimiento del fascismo de hace 100 a\u00f1os, similitudes y diferencias con esta \u00e9poca, y se lo digo a los pueblos de Am\u00e9rica Latina y el Caribe y m\u00e1s all\u00e1 que por Telesur nos ven, ante la crisis de hegemon\u00eda imperial Estados Unidos y Occidente, la carta que se est\u00e1n jugando es la guerra, el fascismo, el nuevo colonialismo\u201d, exhort\u00f3 el Mandatario<\/p>\n\n\n\n<p>En su intervenci\u00f3n el jefe de Estado venezolano, anfitri\u00f3n de la cumbre de la alianza suramericana instal\u00f3 la edici\u00f3n XXIII del ALBA-TCP, y precis\u00f3 a los pueblos del mundo el nacimiento de un nuevo orden internacional con equilibrio en la geopol\u00edtica mundial, as\u00ed como los grandes cambios civilizatorios en la conciencia, y sostuvo que el ALBA -TCP ya esta en concordancia con estos cambios hacia el Nuevo mundo.<\/p>\n\n\n\n<p>En contexto del surgimiento del fascismo y del modelo de nuevo coloniaje, el Mandatario puso como ejemplo la crisis pol\u00edtica que vive el pueblo dela naci\u00f3n albiceleste que sufre las consecuencias del modelo dictatorial.<\/p>\n\n\n\n<p>\u201cSino veamos a (Javier) Milei en Argentina, es el nuevo colonialismo, si es que se le puede poner nuevo al colonialismo porque al final, es el viejo monstruo expoliador, saqueador, esclavizador de los pueblos. Ya Argentina sali\u00f3 ayer, un mill\u00f3n de hombres y mujeres salieron a las calles a decir no al fascismo, no a la venta del pa\u00eds, no a la obstrucci\u00f3n de la educaci\u00f3n p\u00fablica, no a la destrucci\u00f3n de los derechos sociales\u201d, expres\u00f3 al rechazar el modelo del fascismo que tiene como esencia negar los intereses individuales y sobreponer el Estado.<\/p>\n\n\n\n<p>Asimismo, refiri\u00f3 que como parte del resurgimiento de modelos dictatoriales los gobiernos de derecha en Am\u00e9rica Latina, tratan de endiosaral presidente Argentino quien en la pr\u00e1ctica tiene un alto rechazo de la ciudadan\u00eda.<\/p>\n\n\n\n<p>\u201cConfiamos en el pueblo argentino, en su fuerza tel\u00farica y en sus fuerzas hist\u00f3ricas para defender su proyecto de pa\u00eds, para defender la independencia de su pa\u00eds, para enfrentar el nuevo fascismo, para enfrentar este modelo colonial que le quieren imponer, para arrastrarlo al imperio estadounidense y al sionismo\u201d, sostuvo el presidente Maduro, al tiempo que evoc\u00f3 el sentido humanitario del astro del futbol mundial, Diego Armando Maradona y rescat\u00f3 que \u201cMaradona est\u00e1 con nosotros\u201d.<\/p>\n\n\n\n<p>El ALBA-TCP solidaria con Palestina y Hait\u00ed<\/p>\n\n\n\n<p>Al abrir el debate de la XXIII Cumbre de la ALBA-TCP,el jefe de Estado tambi\u00e9n se refiri\u00f3 al genocidio que sufre el pueblo de Palestina por parte de Israel, ya la aspiraci\u00f3n leg\u00edtima de independencia de este pueblo. \u201cEs un genocidio y la posici\u00f3n humanista y profundamente cristiana de solidaridad acompa\u00f1amiento y amor al pueblo noble de Palestina. \u00a1Palestina vive, Palestina lucha y Palestina prevalecer\u00e1 hacia el futuro!<\/p>\n\n\n\n<p>Igualmente, detall\u00f3 a los representantes de los diez miembros de los Estados Parte de la alianza, que la crisis pol\u00edtica e institucional que sufre el pueblo de Hait\u00ed debe ser un tema de atenci\u00f3n del ALBA-TCP.<\/p>\n\n\n\n<p>\u201cPara acompa\u00f1ar y apoyar a Hait\u00ed en el rescate de su democracia, en la reconstrucci\u00f3n de su paz interna, de su estabilidad. No es con intervenciones militares o policiales que va a llegar la democracia, la libertad y la paz y la recuperaci\u00f3n social a Hait\u00ed, no. Son 100 a\u00f1os comandante Daniel, compa\u00f1ero Arce, compa\u00f1eros del Caribe, son 100 a\u00f1os de intervenciones militares, 100 a\u00f1os de masacres contra<br>el pueblo de Hait\u00ed, 100 a\u00f1os de dictadura, 100 a\u00f1os de intervencionismo y all\u00ed est\u00e1 el resultado. Vallamos con Hait\u00ed, es una deuda que tenemos, vayamos con Hait\u00ed a reconstruir la paz, la convivencia y a la recuperaci\u00f3n integral de nuestra hermana Rep\u00fablica de Hait\u00ed\u201d, exhort\u00f3 Maduro.<\/p>\n\n\n\n<p>Los diez Estados Partes, debaten la agenda geopol\u00edtica mundial y afinan estrategias para enfrentar los nuevos desaf\u00edos en la era de cambio y de construcci\u00f3n del orden mundial que se apunta al multilateralismo.<\/p>\n\n\n\n<p>Prensa Presidencial\/Yndira L\u00f3pez<\/p>\n","protected":false},"excerpt":{"rendered":"<p>Palacio de Miraflores, Caracas.- En el contexto de la agenda de trabajo de la XXIII Cumbre de Jefes de Estado y de Gobierno de la Alianza Bolivariana para los Pueblos de Nuestra Am\u00e9rica-Tratado de Comercio de los Pueblos (ALBA-TCP), el presidente de la Rep\u00fablica Bolivariana de Venezuela Nicol\u00e1s Maduro, exhort\u00f3 a buscar mecanismos de integraci\u00f3n [&hellip;]<\/p>\n","protected":false},"author":4,"featured_media":10638,"comment_status":"open","ping_status":"open","sticky":false,"template":"","format":"standard","meta":{"footnotes":""},"categories":[18,7],"tags":[179,30,38,19,27,20],"class_list":["post-10636","post","type-post","status-publish","format-standard","has-post-thumbnail","hentry","category-noticias-principales","category-notas-de-prensa","tag-alba-tcp","tag-destacado","tag-diplomacia-bolivariana-de-paz","tag-nicolas-maduro","tag-revolucion-bolivariana","tag-venezuela"],"_links":{"self":[{"href":"https:\/\/prensapresidencialvenezuela.gob.ve\/index.php\/wp-json\/wp\/v2\/posts\/10636","targetHints":{"allow":["GET"]}}],"collection":[{"href":"https:\/\/prensapresidencialvenezuela.gob.ve\/index.php\/wp-json\/wp\/v2\/posts"}],"about":[{"href":"https:\/\/prensapresidencialvenezuela.gob.ve\/index.php\/wp-json\/wp\/v2\/types\/post"}],"author":[{"embeddable":true,"href":"https:\/\/prensapresidencialvenezuela.gob.ve\/index.php\/wp-json\/wp\/v2\/users\/4"}],"replies":[{"embeddable":true,"href":"https:\/\/prensapresidencialvenezuela.gob.ve\/index.php\/wp-json\/wp\/v2\/comments?post=10636"}],"version-history":[{"count":1,"href":"https:\/\/prensapresidencialvenezuela.gob.ve\/index.php\/wp-json\/wp\/v2\/posts\/10636\/revisions"}],"predecessor-version":[{"id":10639,"href":"https:\/\/prensapresidencialvenezuela.gob.ve\/index.php\/wp-json\/wp\/v2\/posts\/10636\/revisions\/10639"}],"wp:featuredmedia":[{"embeddable":true,"href":"https:\/\/prensapresidencialvenezuela.gob.ve\/index.php\/wp-json\/wp\/v2\/media\/10638"}],"wp:attachment":[{"href":"https:\/\/prensapresidencialvenezuela.gob.ve\/index.php\/wp-json\/wp\/v2\/media?parent=10636"}],"wp:term":[{"taxonomy":"category","embeddable":true,"href":"https:\/\/prensapresidencialvenezuela.gob.ve\/index.php\/wp-json\/wp\/v2\/categories?post=10636"},{"taxonomy":"post_tag","embeddable":true,"href":"https:\/\/prensapresidencialvenezuela.gob.ve\/index.php\/wp-json\/wp\/v2\/tags?post=10636"}],"curies":[{"name":"wp","href":"https:\/\/api.w.org\/{rel}","templated":true}]}}