{"id":10645,"date":"2024-04-24T20:29:37","date_gmt":"2024-04-25T00:29:37","guid":{"rendered":"http:\/\/172.27.0.121\/?p=10645"},"modified":"2024-04-24T20:29:37","modified_gmt":"2024-04-25T00:29:37","slug":"dominica-afirma-que-la-region-y-el-mundo-necesitan-voces-valientes-como-nicolas-maduro","status":"publish","type":"post","link":"https:\/\/prensapresidencialvenezuela.gob.ve\/index.php\/2024\/04\/24\/dominica-afirma-que-la-region-y-el-mundo-necesitan-voces-valientes-como-nicolas-maduro\/","title":{"rendered":"Dominica afirma que la regi\u00f3n y el mundo necesitan voces valientes como Nicol\u00e1s Maduro"},"content":{"rendered":"\n<p><\/p>\n\n\n\n<p><strong>Palacio de Miraflores, Caracas.- <\/strong>El Primer Ministro de la Mancomunidad de Dominica, Roosevelt Skerrit, afirm\u00f3 que la regi\u00f3n y el mundo, necesitan voces valientes como la del presidente de la Rep\u00fablica Bolivariana de Venezuela, Nicol\u00e1s Maduro.<\/p>\n\n\n\n<p>La afirmaci\u00f3n hecha desde la plenaria de la XXIII Cumbre de la Alianza Bolivariana para los Pueblos de Nuestra Am\u00e9rica \u2013 Tratado de Comercio de los <a><\/a>Pueblos (ALBA-TCP), que se lleva a cabo este mi\u00e9rcoles en el Palacio de Miraflores, Caracas, destaca las acciones del Jefe de Estado venezolano.<\/p>\n\n\n\n<p>\u201cDesde mi perspectiva, el mundo necesita hombres como Nicol\u00e1s Maduro en esta posici\u00f3n, en este cargo, la regi\u00f3n necesita las voces valientes y las acciones valientes de alguien como Nicol\u00e1s Maduro, para que contin\u00fae a la cabeza de este pa\u00eds, Venezuela\u201d expres\u00f3 el primer Ministro.<\/p>\n\n\n\n<p>Igualmente, reconoci\u00f3 en el presidente Maduro, un hombre \u201cfiel a la Revoluci\u00f3n Bolivariana\u201d, que permitir\u00e1 al pueblo venezolano continuar avanzando en su lucha por la soberan\u00eda plena.<\/p>\n\n\n\n<p>Por ello, expres\u00f3 solidaridad y apoyo al liderazgo del presidente Maduro junto al pueblo venezolano.<\/p>\n\n\n\n<p>Con ese criterio, manifest\u00f3 que \u201cse lo he dicho al presidente Maduro, que lo aprecio much\u00edsimo al se\u00f1or Presidente, y le agradezco por la manera en que usted ha conducido esta naci\u00f3n, usted ha hecho un trabajo extraordinario al unir al pueblo de Venezuela a trav\u00e9s de estos tiempos tan dif\u00edciles\u201d.<\/p>\n\n\n\n<p>El l\u00edder de la Mancomunidad de Dominica, alert\u00f3 sobre las acciones desestabilizadoras de actores de oposici\u00f3n de Venezuela apoyados por \u201cinfluencia externa\u201d para afectar las elecciones presidenciales del pr\u00f3ximo 28 de julio.<\/p>\n\n\n\n<p>\u201c\u00bfC\u00f3mo podemos aceptar esto? Como ciudadano de este mundo, esto no es un tema ideol\u00f3gico, es un tema de principio, de justicia, de equidad. El mundo debe seguir siendo solidario y defender al pueblo de Venezuela\u201d, denunci\u00f3.<\/p>\n\n\n\n<p>En su intervenci\u00f3n, el Primer Ministro de la Mancomunidad de Dominica, record\u00f3 el legado de los l\u00edderes revolucionarios, el comandante Hugo Rafael Ch\u00e1vez Fr\u00edas, y el comandante Fidel Castro, como pioneros en muchos aspectos para el desarrollo de este nuevo mundo.<\/p>\n\n\n\n<p>En ese sentido, expres\u00f3 que gracias a estos l\u00edderes \u201cse ha creado un puente entre Latinoam\u00e9rica y el Caribe\u201d, que le ha permitido conectar con el resto del mundo \u201cy por eso es que le rendimos tributo y homenaje al presidente Fidel Castro y al presidente Hugo Ch\u00e1vez\u201d.<\/p>\n\n\n\n<p>Sobre la solidez y fortaleza del bloque regional, destac\u00f3 la solidaridad y complementariedad consolidada entre las naciones hermanas de Latinoam\u00e9rica y el Caribe, a trav\u00e9s del ALBA-TCP.<\/p>\n\n\n\n<p>\u201cNo hay ninguna organizaci\u00f3n en el mundo que, en un tiempo tan corto, haya logrado hacer tanto, por tanta gente y por tantos pa\u00edses, tanto como lo ha hecho el ALBA-TCP. No van a derrotarnos, no van a derrotar nuestra solidaridad ni nuestra soberan\u00eda como naciones\u201d, recalc\u00f3.<\/p>\n\n\n\n<p>En sus conclusiones, denunci\u00f3 el bloqueo contra Cuba, que ha afectado millones de vidas y llam\u00f3 a fortalecer la determinaci\u00f3n del mecanismo regional y ser cada vez m\u00e1s solidarios entre los pueblos hermanos.<\/p>\n\n\n\n<p><strong>Prensa Presidencial \/ Rosiris Ortega Ortiz<\/strong><\/p>\n","protected":false},"excerpt":{"rendered":"<p>Palacio de Miraflores, Caracas.- El Primer Ministro de la Mancomunidad de Dominica, Roosevelt Skerrit, afirm\u00f3 que la regi\u00f3n y el mundo, necesitan voces valientes como la del presidente de la Rep\u00fablica Bolivariana de Venezuela, Nicol\u00e1s Maduro. La afirmaci\u00f3n hecha desde la plenaria de la XXIII Cumbre de la Alianza Bolivariana para los Pueblos de Nuestra [&hellip;]<\/p>\n","protected":false},"author":1,"featured_media":10646,"comment_status":"open","ping_status":"open","sticky":false,"template":"","format":"standard","meta":{"footnotes":""},"categories":[7],"tags":[179,182,19,183],"class_list":["post-10645","post","type-post","status-publish","format-standard","has-post-thumbnail","hentry","category-notas-de-prensa","tag-alba-tcp","tag-dominica","tag-nicolas-maduro","tag-roosevelt-skerrit"],"_links":{"self":[{"href":"https:\/\/prensapresidencialvenezuela.gob.ve\/index.php\/wp-json\/wp\/v2\/posts\/10645","targetHints":{"allow":["GET"]}}],"collection":[{"href":"https:\/\/prensapresidencialvenezuela.gob.ve\/index.php\/wp-json\/wp\/v2\/posts"}],"about":[{"href":"https:\/\/prensapresidencialvenezuela.gob.ve\/index.php\/wp-json\/wp\/v2\/types\/post"}],"author":[{"embeddable":true,"href":"https:\/\/prensapresidencialvenezuela.gob.ve\/index.php\/wp-json\/wp\/v2\/users\/1"}],"replies":[{"embeddable":true,"href":"https:\/\/prensapresidencialvenezuela.gob.ve\/index.php\/wp-json\/wp\/v2\/comments?post=10645"}],"version-history":[{"count":1,"href":"https:\/\/prensapresidencialvenezuela.gob.ve\/index.php\/wp-json\/wp\/v2\/posts\/10645\/revisions"}],"predecessor-version":[{"id":10647,"href":"https:\/\/prensapresidencialvenezuela.gob.ve\/index.php\/wp-json\/wp\/v2\/posts\/10645\/revisions\/10647"}],"wp:featuredmedia":[{"embeddable":true,"href":"https:\/\/prensapresidencialvenezuela.gob.ve\/index.php\/wp-json\/wp\/v2\/media\/10646"}],"wp:attachment":[{"href":"https:\/\/prensapresidencialvenezuela.gob.ve\/index.php\/wp-json\/wp\/v2\/media?parent=10645"}],"wp:term":[{"taxonomy":"category","embeddable":true,"href":"https:\/\/prensapresidencialvenezuela.gob.ve\/index.php\/wp-json\/wp\/v2\/categories?post=10645"},{"taxonomy":"post_tag","embeddable":true,"href":"https:\/\/prensapresidencialvenezuela.gob.ve\/index.php\/wp-json\/wp\/v2\/tags?post=10645"}],"curies":[{"name":"wp","href":"https:\/\/api.w.org\/{rel}","templated":true}]}}