{"id":10648,"date":"2024-04-24T20:38:42","date_gmt":"2024-04-25T00:38:42","guid":{"rendered":"http:\/\/172.27.0.121\/?p=10648"},"modified":"2024-04-24T20:38:42","modified_gmt":"2024-04-25T00:38:42","slug":"antigua-y-barbuda-objeta-embargo-a-cuba-y-medidas-impuestas-a-venezuela-y-nicaragua","status":"publish","type":"post","link":"https:\/\/prensapresidencialvenezuela.gob.ve\/index.php\/2024\/04\/24\/antigua-y-barbuda-objeta-embargo-a-cuba-y-medidas-impuestas-a-venezuela-y-nicaragua\/","title":{"rendered":"Antigua y Barbuda objeta embargo a Cuba y medidas impuestas a Venezuela y Nicaragua"},"content":{"rendered":"\n<p><\/p>\n\n\n\n<p><strong>Palacio de Miraflores, Caracas. \u2013 <\/strong>El Primer ministro de Antigua y Barbuda, Gaston Browne, alz\u00f3 la voz en nombre de la Alianza Bolivariana para los Pueblos de Nuestra Am\u00e9rica (Alba), para rechazar el injusto embargo de Estados Unidos a Cuba, as\u00ed como fustigar las medidas coercitivas unilaterales impuestas por el pa\u00eds del norte contra Venezuela y Nicaragua.<\/p>\n\n\n\n<p>\u201cRechazamos el embargo injusto contra <a><\/a>Cuba por parte de Estados Unidos\u201d, por lo que \u201cseguimos instando para que este embargo injusto sea eliminado\u201d, subray\u00f3 y seguidamente conden\u00f3 la imposici\u00f3n de las medidas coercitivas unilaterales contra Venezuela y Nicaragua.<\/p>\n\n\n\n<p>Argument\u00f3 que este pronunciamiento lo realiza en un momento en el que se atraviesan episodios \u201cecon\u00f3micos tan dif\u00edciles\u201d.<\/p>\n\n\n\n<p>\u201cSon injustificables y lo que hacen es perjudicar a los inocentes. Venezuela ha sido una voz l\u00edder en temas claves de la Regi\u00f3n, a trav\u00e9s del di\u00e1logo, especialmente en la Celac (Comunidad de los Estados Latinoamericanos y Caribe\u00f1os).<\/p>\n\n\n\n<p>Browne no dud\u00f3 en que el liderazgo del presidente Nicol\u00e1s Maduro \u201ces bueno para el pueblo de Venezuela y para el pueblo de nuestra Regi\u00f3n (\u2026) le deseamos un gran existo que resuene en la Regi\u00f3n\u201d.<\/p>\n\n\n\n<p>El discurso del Primer ministro estuvo encaminado a rechazar igualmente la \u201cinjerencia en los asuntos internos de los pa\u00edses, eso son sitios que deben respetarse, debemos respetar la soberan\u00eda de los Estados\u201d, a la vez que alert\u00f3 a \u201cVenezuela a que contin\u00fae defendiendo su soberan\u00eda y luchar por una prosperidad resiliente de su pueblo\u201d.<\/p>\n\n\n\n<p>Insisti\u00f3 en que esta regi\u00f3n debe ser cada vez una regi\u00f3n de paz y que resista los intentos de socavar la solidaridad que existe en el bloque unionista.<\/p>\n\n\n\n<p>\u201cDebemos mantener la solidaridad y uni\u00f3n. Estamos orgullosos de ser miembros de esta organizaci\u00f3n que es \u00fatil para el hemisferio, en los esfuerzos para lograr la paz hemisf\u00e9rica y la paz en la regi\u00f3n\u201d, dijo desde la XXIII Cumbre de Jefes de Estado y de Gobierno de la Alianza Bolivariana para los Pueblos de Nuestra Am\u00e9rica \u2013 Tratado de Comercio de los Pueblos (ALBA-TCP), desde la plaza Bicentenario del Palacio de Miraflores.<\/p>\n\n\n\n<p>Adem\u00e1s, agradeci\u00f3 que en el seno del Alba se hayan puesto en relieve los retos actuales de la geopol\u00edtica mundial, as\u00ed tambi\u00e9n aspectos hist\u00f3ricos de la geopol\u00edtica global, en un contexto en el que \u201cVenezuela est\u00e1 resistiendo a movimientos de liberaci\u00f3n que se han creado en el Continente, siguen luchando contra los opresores, gracias a esa lecci\u00f3n de historia y tambi\u00e9n, gracias por su compromiso que con la solidaridad hemisf\u00e9rica, siguiendo los pasos del Comandante Fidel Castro y de Hugo Ch\u00e1vez\u201d.<\/p>\n\n\n\n<p>En este sentido, llam\u00f3 a conocer cada vez m\u00e1s el papel desempe\u00f1ado por el \u201ccomandante Hugo Ch\u00e1vez y Fidel Castro para crear este movimiento hemisf\u00e9rico tan importante\u201d.<\/p>\n\n\n\n<p>Gaston Browne, igualmente, alert\u00f3 que en la actualidad las naciones poderosas del Norte quieren consolidarse y tener un mayor control sobre otros pa\u00edses, por lo que consider\u00f3 importante que el ALBA debe \u201ccontinuar fortaleciendo su solidaridad y cooperaci\u00f3n, para lidiar con temas que tienen que ver con la defensa de la soberan\u00eda para alimentarnos, que haya mayor cooperaci\u00f3n econ\u00f3mica, comercio e inversiones, a fin de fortalecer nuestro grupo hemisf\u00e9rico\u201d.<\/p>\n\n\n\n<p><strong>Prensa Presidencial \/ Ana\u00eds P\u00e9rez<\/strong><\/p>\n","protected":false},"excerpt":{"rendered":"<p>Palacio de Miraflores, Caracas. \u2013 El Primer ministro de Antigua y Barbuda, Gaston Browne, alz\u00f3 la voz en nombre de la Alianza Bolivariana para los Pueblos de Nuestra Am\u00e9rica (Alba), para rechazar el injusto embargo de Estados Unidos a Cuba, as\u00ed como fustigar las medidas coercitivas unilaterales impuestas por el pa\u00eds del norte contra Venezuela [&hellip;]<\/p>\n","protected":false},"author":1,"featured_media":10649,"comment_status":"open","ping_status":"open","sticky":false,"template":"","format":"standard","meta":{"footnotes":""},"categories":[7],"tags":[179,98,184],"class_list":["post-10648","post","type-post","status-publish","format-standard","has-post-thumbnail","hentry","category-notas-de-prensa","tag-alba-tcp","tag-antigua-y-barbuda","tag-gaston-browne"],"_links":{"self":[{"href":"https:\/\/prensapresidencialvenezuela.gob.ve\/index.php\/wp-json\/wp\/v2\/posts\/10648","targetHints":{"allow":["GET"]}}],"collection":[{"href":"https:\/\/prensapresidencialvenezuela.gob.ve\/index.php\/wp-json\/wp\/v2\/posts"}],"about":[{"href":"https:\/\/prensapresidencialvenezuela.gob.ve\/index.php\/wp-json\/wp\/v2\/types\/post"}],"author":[{"embeddable":true,"href":"https:\/\/prensapresidencialvenezuela.gob.ve\/index.php\/wp-json\/wp\/v2\/users\/1"}],"replies":[{"embeddable":true,"href":"https:\/\/prensapresidencialvenezuela.gob.ve\/index.php\/wp-json\/wp\/v2\/comments?post=10648"}],"version-history":[{"count":1,"href":"https:\/\/prensapresidencialvenezuela.gob.ve\/index.php\/wp-json\/wp\/v2\/posts\/10648\/revisions"}],"predecessor-version":[{"id":10650,"href":"https:\/\/prensapresidencialvenezuela.gob.ve\/index.php\/wp-json\/wp\/v2\/posts\/10648\/revisions\/10650"}],"wp:featuredmedia":[{"embeddable":true,"href":"https:\/\/prensapresidencialvenezuela.gob.ve\/index.php\/wp-json\/wp\/v2\/media\/10649"}],"wp:attachment":[{"href":"https:\/\/prensapresidencialvenezuela.gob.ve\/index.php\/wp-json\/wp\/v2\/media?parent=10648"}],"wp:term":[{"taxonomy":"category","embeddable":true,"href":"https:\/\/prensapresidencialvenezuela.gob.ve\/index.php\/wp-json\/wp\/v2\/categories?post=10648"},{"taxonomy":"post_tag","embeddable":true,"href":"https:\/\/prensapresidencialvenezuela.gob.ve\/index.php\/wp-json\/wp\/v2\/tags?post=10648"}],"curies":[{"name":"wp","href":"https:\/\/api.w.org\/{rel}","templated":true}]}}