{"id":10666,"date":"2024-04-24T21:11:16","date_gmt":"2024-04-25T01:11:16","guid":{"rendered":"http:\/\/172.27.0.121\/?p=10666"},"modified":"2024-04-24T21:11:16","modified_gmt":"2024-04-25T01:11:16","slug":"alba-tcp-llama-a-la-solucion-integral-y-justa-del-conflicto-palestino-israeli","status":"publish","type":"post","link":"https:\/\/prensapresidencialvenezuela.gob.ve\/index.php\/2024\/04\/24\/alba-tcp-llama-a-la-solucion-integral-y-justa-del-conflicto-palestino-israeli\/","title":{"rendered":"ALBA-TCP llama a la soluci\u00f3n integral y justa del conflicto palestino-israel\u00ed"},"content":{"rendered":"\n<p><\/p>\n\n\n\n<p><strong>Palacio de Miraflores, Caracas.- <\/strong>Los jefes de Estado y de Gobierno, miembros de la Alianza Bolivariana para los Pueblos de Nuestra Am\u00e9rica \u2013 Comercio de los Pueblos Tratado (ALBA-TCP), llamaron a la soluci\u00f3n integral y justa del conflicto entre Palestina e Israel.<\/p>\n\n\n\n<p>Desde la XXIII Cumbre del ALBA-TCP, que se realiz\u00f3 este mi\u00e9rcoles en el Palacio de Miraflores, Caracas, el bloque regional emiti\u00f3 un <a><\/a>comunicado conjunto en el marco del D\u00eda Internacional del Multilateralismo y la Diplomacia de Paz.<\/p>\n\n\n\n<p>\u201cExigir una soluci\u00f3n integral, justa y duradera al conflicto palestino-israel\u00ed a trav\u00e9s del di\u00e1logo, basada en la creaci\u00f3n de dos Estados, permitiendo a Palestina ejercer su derecho a la libre determinaci\u00f3n como Estado independiente y soberano, con Oriente Jerusal\u00e9n como su capital, dentro de las fronteras anteriores a 1967, y garantizar el derecho de retorno de los refugiados\u201d, indica el primer punto del texto.<\/p>\n\n\n\n<p>Este comunicado reitera el llamado a la comunidad internacional a que d\u00e9 inmediato alto al fuego en Gaza y detener el genocidio, los cr\u00edmenes de guerra y los cr\u00edmenes de lesa humanidad perpetrados contra su pueblo, argumentando la violaci\u00f3n de los principios y prop\u00f3sitos de la Carta de las Naciones Unidas, el Derecho Internacional y el Derecho Internacional Humanitario.<\/p>\n\n\n\n<p>Los integrantes del bloque, manifestaron apoyo a la membres\u00eda inmediata de Palestina en las Naciones Unidas, como un paso justo y necesario que contribuir\u00e1 con la protecci\u00f3n de los derechos leg\u00edtimos del pueblo palestino.<\/p>\n\n\n\n<p>Finalmente, instan a que el gobierno israel\u00ed y sus partidarios sean detenidos como responsables de los cr\u00edmenes perpetrados contra los palestinos y de conformidad con el derecho internacional.<\/p>\n\n\n\n<p><strong>Prensa Presidencial \/ Rosiris Ortega<\/strong><\/p>\n","protected":false},"excerpt":{"rendered":"<p>Palacio de Miraflores, Caracas.- Los jefes de Estado y de Gobierno, miembros de la Alianza Bolivariana para los Pueblos de Nuestra Am\u00e9rica \u2013 Comercio de los Pueblos Tratado (ALBA-TCP), llamaron a la soluci\u00f3n integral y justa del conflicto entre Palestina e Israel. Desde la XXIII Cumbre del ALBA-TCP, que se realiz\u00f3 este mi\u00e9rcoles en el [&hellip;]<\/p>\n","protected":false},"author":1,"featured_media":10667,"comment_status":"open","ping_status":"open","sticky":false,"template":"","format":"standard","meta":{"footnotes":""},"categories":[7],"tags":[179,132],"class_list":["post-10666","post","type-post","status-publish","format-standard","has-post-thumbnail","hentry","category-notas-de-prensa","tag-alba-tcp","tag-palestina"],"_links":{"self":[{"href":"https:\/\/prensapresidencialvenezuela.gob.ve\/index.php\/wp-json\/wp\/v2\/posts\/10666","targetHints":{"allow":["GET"]}}],"collection":[{"href":"https:\/\/prensapresidencialvenezuela.gob.ve\/index.php\/wp-json\/wp\/v2\/posts"}],"about":[{"href":"https:\/\/prensapresidencialvenezuela.gob.ve\/index.php\/wp-json\/wp\/v2\/types\/post"}],"author":[{"embeddable":true,"href":"https:\/\/prensapresidencialvenezuela.gob.ve\/index.php\/wp-json\/wp\/v2\/users\/1"}],"replies":[{"embeddable":true,"href":"https:\/\/prensapresidencialvenezuela.gob.ve\/index.php\/wp-json\/wp\/v2\/comments?post=10666"}],"version-history":[{"count":1,"href":"https:\/\/prensapresidencialvenezuela.gob.ve\/index.php\/wp-json\/wp\/v2\/posts\/10666\/revisions"}],"predecessor-version":[{"id":10668,"href":"https:\/\/prensapresidencialvenezuela.gob.ve\/index.php\/wp-json\/wp\/v2\/posts\/10666\/revisions\/10668"}],"wp:featuredmedia":[{"embeddable":true,"href":"https:\/\/prensapresidencialvenezuela.gob.ve\/index.php\/wp-json\/wp\/v2\/media\/10667"}],"wp:attachment":[{"href":"https:\/\/prensapresidencialvenezuela.gob.ve\/index.php\/wp-json\/wp\/v2\/media?parent=10666"}],"wp:term":[{"taxonomy":"category","embeddable":true,"href":"https:\/\/prensapresidencialvenezuela.gob.ve\/index.php\/wp-json\/wp\/v2\/categories?post=10666"},{"taxonomy":"post_tag","embeddable":true,"href":"https:\/\/prensapresidencialvenezuela.gob.ve\/index.php\/wp-json\/wp\/v2\/tags?post=10666"}],"curies":[{"name":"wp","href":"https:\/\/api.w.org\/{rel}","templated":true}]}}