{"id":10732,"date":"2024-04-29T20:51:57","date_gmt":"2024-04-30T00:51:57","guid":{"rendered":"http:\/\/172.27.0.121\/?p=10732"},"modified":"2024-04-29T20:51:57","modified_gmt":"2024-04-30T00:51:57","slug":"presidente-la-juventud-del-mundo-tiene-que-denunciar-el-genocidio-en-contra-el-pueblo-palestino","status":"publish","type":"post","link":"https:\/\/prensapresidencialvenezuela.gob.ve\/index.php\/2024\/04\/29\/presidente-la-juventud-del-mundo-tiene-que-denunciar-el-genocidio-en-contra-el-pueblo-palestino\/","title":{"rendered":"Presidente: La juventud del mundo tiene que denunciar el genocidio en contra el pueblo palestino"},"content":{"rendered":"\n<p><strong>Palacio de Miraflores, Caracas.- <\/strong>Al referirse a las protestas deestudiantes de diferentes universidades de EE.UU. el presidente de la Rep\u00fablica, Nicol\u00e1s Maduro, exhort\u00f3 a la juventud del mundo a rechazar y denunciar el genocidio<\/p>\n\n\n\n<p>\u201cLa juventud estadounidense se lanz\u00f3 a las calles, ahora ves tambi\u00e9n las universidades de Europa y del mundo (\u2026) la juventud del mundo tiene que ir a las calles a denunciar el genocidio en contra del pueblo palestino y a pedir la paz inmediata\u201d, asever\u00f3 el Mandatario durante la edici\u00f3n N\u00b0 43 del programa \u201cCon Maduro +\u201d.<\/p>\n\n\n\n<p>En este sentido, el Jefe de Estado rechaz\u00f3 las acciones de represi\u00f3n que realizan cuerpos de seguridad de EE.UU. en contra de estudiantes universitarios, quienes en protestas pac\u00edficas exigen el fin de la guerra en Gaza.<\/p>\n\n\n\n<p>Al respecto, indic\u00f3 que la juventud del mundo \u201cest\u00e1 en las calles espantada por el crimen que est\u00e1n viendo en vivo y directo, por las redes sociales, porque los cr\u00edmenes se ven todos los d\u00edas (\u2026) esta juventud como en los a\u00f1os 60 ha despertado, est\u00e1 diciendo ya basta de genocidio, ya basta de guerra\u201d, sentenci\u00f3.<\/p>\n\n\n\n<p>En contexto, en los \u00faltimos d\u00edas medios internacionales han destacado las manifestaciones de estudiantes de EE.UU. quienes mantienen protestas en los campus universitarios para exigir fin a la guerra en Gaza. Aunado a estas protestas, los estudiantes exigen que los centros educativos romper relaciones con el Gobierno y el sector privado israel\u00ed.<\/p>\n\n\n\n<p>\u201cNuestro respeto absoluto a la juventud de los Estados Unidos y le exigimos a Netanyahu que no califique a la juventud universitaria de Estados Unidos como nazi, el nazi es \u00e9l, y la juventud de Estados Unidos merece respeto en su lucha por la paz, por un mundo posible, por los cambios que necesitamos\u201d, concluy\u00f3.<\/p>\n\n\n\n<p><strong>Prensa Presidencial\/Joelin Jim\u00e9nez<\/strong><\/p>\n","protected":false},"excerpt":{"rendered":"<p>Palacio de Miraflores, Caracas.- Al referirse a las protestas deestudiantes de diferentes universidades de EE.UU. el presidente de la Rep\u00fablica, Nicol\u00e1s Maduro, exhort\u00f3 a la juventud del mundo a rechazar y denunciar el genocidio \u201cLa juventud estadounidense se lanz\u00f3 a las calles, ahora ves tambi\u00e9n las universidades de Europa y del mundo (\u2026) la juventud [&hellip;]<\/p>\n","protected":false},"author":1,"featured_media":10733,"comment_status":"open","ping_status":"open","sticky":false,"template":"","format":"standard","meta":{"footnotes":""},"categories":[18,7],"tags":[30,38,19,132,27,20],"class_list":["post-10732","post","type-post","status-publish","format-standard","has-post-thumbnail","hentry","category-noticias-principales","category-notas-de-prensa","tag-destacado","tag-diplomacia-bolivariana-de-paz","tag-nicolas-maduro","tag-palestina","tag-revolucion-bolivariana","tag-venezuela"],"_links":{"self":[{"href":"https:\/\/prensapresidencialvenezuela.gob.ve\/index.php\/wp-json\/wp\/v2\/posts\/10732","targetHints":{"allow":["GET"]}}],"collection":[{"href":"https:\/\/prensapresidencialvenezuela.gob.ve\/index.php\/wp-json\/wp\/v2\/posts"}],"about":[{"href":"https:\/\/prensapresidencialvenezuela.gob.ve\/index.php\/wp-json\/wp\/v2\/types\/post"}],"author":[{"embeddable":true,"href":"https:\/\/prensapresidencialvenezuela.gob.ve\/index.php\/wp-json\/wp\/v2\/users\/1"}],"replies":[{"embeddable":true,"href":"https:\/\/prensapresidencialvenezuela.gob.ve\/index.php\/wp-json\/wp\/v2\/comments?post=10732"}],"version-history":[{"count":1,"href":"https:\/\/prensapresidencialvenezuela.gob.ve\/index.php\/wp-json\/wp\/v2\/posts\/10732\/revisions"}],"predecessor-version":[{"id":10734,"href":"https:\/\/prensapresidencialvenezuela.gob.ve\/index.php\/wp-json\/wp\/v2\/posts\/10732\/revisions\/10734"}],"wp:featuredmedia":[{"embeddable":true,"href":"https:\/\/prensapresidencialvenezuela.gob.ve\/index.php\/wp-json\/wp\/v2\/media\/10733"}],"wp:attachment":[{"href":"https:\/\/prensapresidencialvenezuela.gob.ve\/index.php\/wp-json\/wp\/v2\/media?parent=10732"}],"wp:term":[{"taxonomy":"category","embeddable":true,"href":"https:\/\/prensapresidencialvenezuela.gob.ve\/index.php\/wp-json\/wp\/v2\/categories?post=10732"},{"taxonomy":"post_tag","embeddable":true,"href":"https:\/\/prensapresidencialvenezuela.gob.ve\/index.php\/wp-json\/wp\/v2\/tags?post=10732"}],"curies":[{"name":"wp","href":"https:\/\/api.w.org\/{rel}","templated":true}]}}