{"id":10788,"date":"2024-05-01T19:30:03","date_gmt":"2024-05-01T23:30:03","guid":{"rendered":"http:\/\/172.27.0.121\/?p=10788"},"modified":"2024-05-01T19:31:01","modified_gmt":"2024-05-01T23:31:01","slug":"entregaran-a-la-an-proyecto-de-ley-especial-de-aporte-de-los-empleadores-para-la-proteccion-de-las-pensiones","status":"publish","type":"post","link":"https:\/\/prensapresidencialvenezuela.gob.ve\/index.php\/2024\/05\/01\/entregaran-a-la-an-proyecto-de-ley-especial-de-aporte-de-los-empleadores-para-la-proteccion-de-las-pensiones\/","title":{"rendered":"Entregar\u00e1n a la AN proyecto de Ley Especial de Aporte de los Empleadores para la Protecci\u00f3n de las Pensiones"},"content":{"rendered":"\n<p><strong>Palacio de Miraflores, Caracas.-<\/strong> Con el prop\u00f3sito de mejorar de manera significativa las pensiones del pa\u00eds, el presidente de la Rep\u00fablica Bolivariana de Venezuela, Nicol\u00e1s Maduro, inform\u00f3 que en las pr\u00f3ximas horas la vicepresidenta Ejecutiva, Delcy Rodr\u00edguez, entregar\u00e1 el proyecto de Ley Especial de Aporte de los Empleadores para la Protecci\u00f3n de las Pensiones frente al bloqueo imperialista a la Asamblea Nacional (AN) para su debate.<\/p>\n\n\n\n<p>Al respecto, el Jefe de Estado detall\u00f3 que este proyecto de ley detallar\u00e1 el aporte \u201cespecial, \u00fanico y mensual de acuerdo a sus ingresos netos, para que ese aporte captado en esta Ley y en un nuevo fondo permita mejorar las pensiones del pa\u00eds y los ingresos de los pensionados y pensionadas\u201d.<\/p>\n\n\n\n<p>Puntualiz\u00f3 que este aporte lo realizar\u00e1 el empresario o empleador, con el prop\u00f3sito de garantizar los recursos para ejecutar la Gran Misi\u00f3n Abuelos y Abuelas, en el marco de la justicia tributaria y social que impulsa el Gobierno Bolivariano \u201cpara la protecci\u00f3n de las pensiones el bloqueo imperialista\u201d, precis\u00f3 el Mandatario durante el acto de conmemoraci\u00f3n del D\u00eda Internacional del Trabajador y Trabajadora.<\/p>\n\n\n\n<p>Asimismo, exhort\u00f3 a los empresarios a hacer un esfuerzo y aportar ingresos para que haya una mejor\u00eda sustancial y creciente en las pensiones.<\/p>\n\n\n\n<p>Por su parte, Rodr\u00edguez explic\u00f3 que esta ley busca \u201chacer justicia social a los pensionados y pensionadas \u201cy que ese aporte social sea la expresi\u00f3n de toda la riqueza que se ha venido generando en este crecimiento econ\u00f3mico en los distintos sectores productivos, empresariales, p\u00fablicos y privados\u201d.<\/p>\n\n\n\n<p>\u201cEstamos buscando la f\u00f3rmula para seguir avanzando con trabajo, creciendo, produciendo, generando bienes, servicios y riquezas, adem\u00e1s de crear un sistema virtuoso para recuperar el ingreso y protecci\u00f3n integral de los pensionados y pensionadas a trav\u00e9s de la Gran Misi\u00f3n Abuelos y Abuelas\u201d, concluy\u00f3 el Mandatario.<\/p>\n\n\n\n<p><strong>Prensa Presidencial \/ Joelin Jim\u00e9nez<\/strong><\/p>\n","protected":false},"excerpt":{"rendered":"<p>Palacio de Miraflores, Caracas.- Con el prop\u00f3sito de mejorar de manera significativa las pensiones del pa\u00eds, el presidente de la Rep\u00fablica Bolivariana de Venezuela, Nicol\u00e1s Maduro, inform\u00f3 que en las pr\u00f3ximas horas la vicepresidenta Ejecutiva, Delcy Rodr\u00edguez, entregar\u00e1 el proyecto de Ley Especial de Aporte de los Empleadores para la Protecci\u00f3n de las Pensiones frente [&hellip;]<\/p>\n","protected":false},"author":4,"featured_media":10789,"comment_status":"open","ping_status":"open","sticky":false,"template":"","format":"standard","meta":{"footnotes":""},"categories":[18,7],"tags":[30,19,27,20],"class_list":["post-10788","post","type-post","status-publish","format-standard","has-post-thumbnail","hentry","category-noticias-principales","category-notas-de-prensa","tag-destacado","tag-nicolas-maduro","tag-revolucion-bolivariana","tag-venezuela"],"_links":{"self":[{"href":"https:\/\/prensapresidencialvenezuela.gob.ve\/index.php\/wp-json\/wp\/v2\/posts\/10788","targetHints":{"allow":["GET"]}}],"collection":[{"href":"https:\/\/prensapresidencialvenezuela.gob.ve\/index.php\/wp-json\/wp\/v2\/posts"}],"about":[{"href":"https:\/\/prensapresidencialvenezuela.gob.ve\/index.php\/wp-json\/wp\/v2\/types\/post"}],"author":[{"embeddable":true,"href":"https:\/\/prensapresidencialvenezuela.gob.ve\/index.php\/wp-json\/wp\/v2\/users\/4"}],"replies":[{"embeddable":true,"href":"https:\/\/prensapresidencialvenezuela.gob.ve\/index.php\/wp-json\/wp\/v2\/comments?post=10788"}],"version-history":[{"count":1,"href":"https:\/\/prensapresidencialvenezuela.gob.ve\/index.php\/wp-json\/wp\/v2\/posts\/10788\/revisions"}],"predecessor-version":[{"id":10790,"href":"https:\/\/prensapresidencialvenezuela.gob.ve\/index.php\/wp-json\/wp\/v2\/posts\/10788\/revisions\/10790"}],"wp:featuredmedia":[{"embeddable":true,"href":"https:\/\/prensapresidencialvenezuela.gob.ve\/index.php\/wp-json\/wp\/v2\/media\/10789"}],"wp:attachment":[{"href":"https:\/\/prensapresidencialvenezuela.gob.ve\/index.php\/wp-json\/wp\/v2\/media?parent=10788"}],"wp:term":[{"taxonomy":"category","embeddable":true,"href":"https:\/\/prensapresidencialvenezuela.gob.ve\/index.php\/wp-json\/wp\/v2\/categories?post=10788"},{"taxonomy":"post_tag","embeddable":true,"href":"https:\/\/prensapresidencialvenezuela.gob.ve\/index.php\/wp-json\/wp\/v2\/tags?post=10788"}],"curies":[{"name":"wp","href":"https:\/\/api.w.org\/{rel}","templated":true}]}}