{"id":1082,"date":"2022-02-03T01:43:00","date_gmt":"2022-02-03T01:43:00","guid":{"rendered":"http:\/\/172.27.0.121\/?p=1082"},"modified":"2022-06-02T01:44:58","modified_gmt":"2022-06-02T01:44:58","slug":"presidente-maduro-el-27f-fue-la-primera-rebelion-popular-contra-el-modelo-neoliberal-del-fmi","status":"publish","type":"post","link":"https:\/\/prensapresidencialvenezuela.gob.ve\/index.php\/2022\/02\/03\/presidente-maduro-el-27f-fue-la-primera-rebelion-popular-contra-el-modelo-neoliberal-del-fmi\/","title":{"rendered":"Presidente Maduro: el 27F fue la primera rebeli\u00f3n popular contra el modelo neoliberal del FMI"},"content":{"rendered":"\n<p><strong>Parroquia Altagracia, Caracas.-<\/strong> Durante la inauguraci\u00f3n de la Plaza de la Rebeli\u00f3n Antiimperialista del 4F en la parroquia Altagracia, en Caracas, el presidente de la Rep\u00fablica, Nicol\u00e1s Maduro, asegur\u00f3 que intelectuales en el mundo califican la rebeli\u00f3n popular del 27 de febrero de 1989, \u201ccomo la primera rebeli\u00f3n popular contra el modelo neoliberal del Fondo Monetario Internacional (FMI)\u201d.<\/p>\n\n\n\n<p>\u201cY as\u00ed fue, el pueblo de Venezuela se alz\u00f3 en las calles de Am\u00e9rica Latina contra el intento de subyugaci\u00f3n y los dict\u00e1menes del Fondo Monetario Internacional (\u2026). En aquel entonces la izquierda venezolana estaba muy dividida, muy fragmentada y divorciada de las necesidades del pueblo, izquierdas asimiladas por el sistema\u201d, precis\u00f3 el Presidente.<\/p>\n\n\n\n<p>En este contexto, record\u00f3 que el l\u00edder bolivariano Arist\u00f3bulo Ist\u00fariz, \u201cera una referencia que planteaba alternativas para enfrentar los sectores adversos. Nos un\u00eda las luchas en favor del pueblo\u201d.<\/p>\n\n\n\n<p>Asever\u00f3 que los bolivarianos nacen de un movimiento tel\u00farico, de profundidad espiritual, \u201cque se pierde de vista para el pasado que hemos vivido, y de un futuro que vendr\u00e1. Hubo pueblo que sal\u00eda a decirle que no a la privatizaci\u00f3n de Venezuela y a la entrega de la independencia\u201d.<\/p>\n\n\n\n<p>Durante un recorrido por la historia venezolana, el Mandatario nacional, destac\u00f3 el poder del pueblo en rebeld\u00eda. \u201cFue la primera rebeli\u00f3n que calent\u00f3 la sangre y coraz\u00f3n de los quer\u00edan un cambio en Venezuela\u201d, precis\u00f3.<\/p>\n\n\n\n<p><strong>Prensa Presidencial\/Joelin Jim\u00e9nez<\/strong><\/p>\n","protected":false},"excerpt":{"rendered":"<p>Parroquia Altagracia, Caracas.- Durante la inauguraci\u00f3n de la Plaza de la Rebeli\u00f3n Antiimperialista del 4F en la parroquia Altagracia, en Caracas, el presidente de la Rep\u00fablica, Nicol\u00e1s Maduro, asegur\u00f3 que intelectuales en el mundo califican la rebeli\u00f3n popular del 27 de febrero de 1989, \u201ccomo la primera rebeli\u00f3n popular contra el modelo neoliberal del Fondo [&hellip;]<\/p>\n","protected":false},"author":6,"featured_media":1083,"comment_status":"open","ping_status":"open","sticky":false,"template":"","format":"standard","meta":{"footnotes":""},"categories":[7],"tags":[],"class_list":["post-1082","post","type-post","status-publish","format-standard","has-post-thumbnail","hentry","category-notas-de-prensa"],"_links":{"self":[{"href":"https:\/\/prensapresidencialvenezuela.gob.ve\/index.php\/wp-json\/wp\/v2\/posts\/1082","targetHints":{"allow":["GET"]}}],"collection":[{"href":"https:\/\/prensapresidencialvenezuela.gob.ve\/index.php\/wp-json\/wp\/v2\/posts"}],"about":[{"href":"https:\/\/prensapresidencialvenezuela.gob.ve\/index.php\/wp-json\/wp\/v2\/types\/post"}],"author":[{"embeddable":true,"href":"https:\/\/prensapresidencialvenezuela.gob.ve\/index.php\/wp-json\/wp\/v2\/users\/6"}],"replies":[{"embeddable":true,"href":"https:\/\/prensapresidencialvenezuela.gob.ve\/index.php\/wp-json\/wp\/v2\/comments?post=1082"}],"version-history":[{"count":1,"href":"https:\/\/prensapresidencialvenezuela.gob.ve\/index.php\/wp-json\/wp\/v2\/posts\/1082\/revisions"}],"predecessor-version":[{"id":1084,"href":"https:\/\/prensapresidencialvenezuela.gob.ve\/index.php\/wp-json\/wp\/v2\/posts\/1082\/revisions\/1084"}],"wp:featuredmedia":[{"embeddable":true,"href":"https:\/\/prensapresidencialvenezuela.gob.ve\/index.php\/wp-json\/wp\/v2\/media\/1083"}],"wp:attachment":[{"href":"https:\/\/prensapresidencialvenezuela.gob.ve\/index.php\/wp-json\/wp\/v2\/media?parent=1082"}],"wp:term":[{"taxonomy":"category","embeddable":true,"href":"https:\/\/prensapresidencialvenezuela.gob.ve\/index.php\/wp-json\/wp\/v2\/categories?post=1082"},{"taxonomy":"post_tag","embeddable":true,"href":"https:\/\/prensapresidencialvenezuela.gob.ve\/index.php\/wp-json\/wp\/v2\/tags?post=1082"}],"curies":[{"name":"wp","href":"https:\/\/api.w.org\/{rel}","templated":true}]}}