{"id":10935,"date":"2024-05-06T15:11:31","date_gmt":"2024-05-06T19:11:31","guid":{"rendered":"http:\/\/172.27.0.121\/?p=10935"},"modified":"2024-05-09T15:12:29","modified_gmt":"2024-05-09T19:12:29","slug":"presidencialven-en-linea-n-55","status":"publish","type":"post","link":"https:\/\/prensapresidencialvenezuela.gob.ve\/index.php\/2024\/05\/06\/presidencialven-en-linea-n-55\/","title":{"rendered":"PresidencialVen en L\u00ednea | N\u00b0 55"},"content":{"rendered":"\n<figure class=\"wp-block-image size-large\"><img fetchpriority=\"high\" decoding=\"async\" width=\"1024\" height=\"1024\" src=\"https:\/\/prensapresidencialvenezuela.gob.ve\/wp-content\/uploads\/2024\/05\/presidencial-ven-cuadrado-1-1-1-1024x1024.jpg\" alt=\"\" class=\"wp-image-10936\" srcset=\"https:\/\/prensapresidencialvenezuela.gob.ve\/wp-content\/uploads\/2024\/05\/presidencial-ven-cuadrado-1-1-1-1024x1024.jpg 1024w, https:\/\/prensapresidencialvenezuela.gob.ve\/wp-content\/uploads\/2024\/05\/presidencial-ven-cuadrado-1-1-1-300x300.jpg 300w, https:\/\/prensapresidencialvenezuela.gob.ve\/wp-content\/uploads\/2024\/05\/presidencial-ven-cuadrado-1-1-1-150x150.jpg 150w, https:\/\/prensapresidencialvenezuela.gob.ve\/wp-content\/uploads\/2024\/05\/presidencial-ven-cuadrado-1-1-1-768x768.jpg 768w, https:\/\/prensapresidencialvenezuela.gob.ve\/wp-content\/uploads\/2024\/05\/presidencial-ven-cuadrado-1-1-1.jpg 1080w\" sizes=\"(max-width: 1024px) 100vw, 1024px\" \/><\/figure>\n\n\n\n<p>La complementariedad, la cooperaci\u00f3n, el di\u00e1logo y el acompa\u00f1amiento irrestricto a todas las trabajadoras y trabajadores, son las banderas justas del presidente obrero Nicol\u00e1s Maduro. Conozca m\u00e1s detalles en este episodio de PresidencialVen en L\u00ednea.<\/p>\n\n\n\n<figure class=\"wp-block-audio\"><audio controls src=\"https:\/\/prensapresidencialvenezuela.gob.ve\/wp-content\/uploads\/2024\/05\/presidencialven-N\u00b055.mp3\"><\/audio><\/figure>\n","protected":false},"excerpt":{"rendered":"<p>La complementariedad, la cooperaci\u00f3n, el di\u00e1logo y el acompa\u00f1amiento irrestricto a todas las trabajadoras y trabajadores, son las banderas justas del presidente obrero Nicol\u00e1s Maduro. Conozca m\u00e1s detalles en este episodio de PresidencialVen en L\u00ednea.<\/p>\n","protected":false},"author":4,"featured_media":10936,"comment_status":"open","ping_status":"open","sticky":false,"template":"","format":"standard","meta":{"footnotes":""},"categories":[18,3],"tags":[],"class_list":["post-10935","post","type-post","status-publish","format-standard","has-post-thumbnail","hentry","category-noticias-principales","category-contenido-de-audios"],"_links":{"self":[{"href":"https:\/\/prensapresidencialvenezuela.gob.ve\/index.php\/wp-json\/wp\/v2\/posts\/10935","targetHints":{"allow":["GET"]}}],"collection":[{"href":"https:\/\/prensapresidencialvenezuela.gob.ve\/index.php\/wp-json\/wp\/v2\/posts"}],"about":[{"href":"https:\/\/prensapresidencialvenezuela.gob.ve\/index.php\/wp-json\/wp\/v2\/types\/post"}],"author":[{"embeddable":true,"href":"https:\/\/prensapresidencialvenezuela.gob.ve\/index.php\/wp-json\/wp\/v2\/users\/4"}],"replies":[{"embeddable":true,"href":"https:\/\/prensapresidencialvenezuela.gob.ve\/index.php\/wp-json\/wp\/v2\/comments?post=10935"}],"version-history":[{"count":1,"href":"https:\/\/prensapresidencialvenezuela.gob.ve\/index.php\/wp-json\/wp\/v2\/posts\/10935\/revisions"}],"predecessor-version":[{"id":10946,"href":"https:\/\/prensapresidencialvenezuela.gob.ve\/index.php\/wp-json\/wp\/v2\/posts\/10935\/revisions\/10946"}],"wp:featuredmedia":[{"embeddable":true,"href":"https:\/\/prensapresidencialvenezuela.gob.ve\/index.php\/wp-json\/wp\/v2\/media\/10936"}],"wp:attachment":[{"href":"https:\/\/prensapresidencialvenezuela.gob.ve\/index.php\/wp-json\/wp\/v2\/media?parent=10935"}],"wp:term":[{"taxonomy":"category","embeddable":true,"href":"https:\/\/prensapresidencialvenezuela.gob.ve\/index.php\/wp-json\/wp\/v2\/categories?post=10935"},{"taxonomy":"post_tag","embeddable":true,"href":"https:\/\/prensapresidencialvenezuela.gob.ve\/index.php\/wp-json\/wp\/v2\/tags?post=10935"}],"curies":[{"name":"wp","href":"https:\/\/api.w.org\/{rel}","templated":true}]}}