{"id":10960,"date":"2024-05-10T19:31:32","date_gmt":"2024-05-10T23:31:32","guid":{"rendered":"http:\/\/172.27.0.121\/?p=10960"},"modified":"2024-05-10T19:32:57","modified_gmt":"2024-05-10T23:32:57","slug":"presidente-al-pueblo-de-yaracuy-estamos-listos-para-la-victoria-del-28-de-julio","status":"publish","type":"post","link":"https:\/\/prensapresidencialvenezuela.gob.ve\/index.php\/2024\/05\/10\/presidente-al-pueblo-de-yaracuy-estamos-listos-para-la-victoria-del-28-de-julio\/","title":{"rendered":"Presidente al pueblo de Yaracuy: Estamos listos para la victoria del 28 de Julio"},"content":{"rendered":"\n<p><strong>Palacio de Miraflores, Caracas.-<\/strong> El presidente de la Rep\u00fablica Bolivariana de Venezuela, Nicol\u00e1s Maduro, a trav\u00e9s de una llamada telef\u00f3nica, envi\u00f3 un fervoroso saludo al pueblo yaracuyano y al municipio Independencia, quienes marcharon en multitud contra las sanciones del gobierno norteamericano del presidente Joe Biden.<\/p>\n\n\n\n<p>El pueblo de Yaracuy, adem\u00e1s de enviarle un mensaje al imperialismo yankee, <a><\/a>para que retire las sanciones contra Venezuela, manifest\u00f3 abiertamente su total apoyo a la candidatura del Presidente Nicol\u00e1s Maduro para estas venideras elecciones presidenciales.<\/p>\n\n\n\n<p>El jefe de Estado venezolano al dirigirse a la gran concentraci\u00f3n yaracuyana, dijo sentirse agradecido por ese apoyo multitudinario desde el municipio Independencia. \u201cUn abrazo a todo el pueblo de Yaracuy, les digo que la esperanza est\u00e1 en la calle y el pueblo est\u00e1 en la calle defendiendo su derecho al futuro y a tener Patria\u201d.<\/p>\n\n\n\n<p>\u201cEstamos avanzando con un pueblo feliz, en\u00e9rgico y firme y estamos claros en lo que vamos haciendo\u201d, sostuvo el Mandatario a la vez que reiter\u00f3 que \u201cun pueblo unido jam\u00e1s ser\u00e1 vencido\u201d.<\/p>\n\n\n\n<p>\u201cTenemos una consigna muy clara oligarcas y apellidos, tenemos un pueblo que est\u00e1 unido y un pueblo unido jam\u00e1s ser\u00e1 vencido, la victoria es nuestra, as\u00ed como es nuestro el derecho al bienestar, al futuro, estamos listos para la victoria y cuenten conmigo, hasta la victoria siempre\u201d afirm\u00f3 el Mandatario venezolano.<\/p>\n\n\n\n<p><strong>Prensa Presidencial \/ Orlando Ruiz<\/strong><\/p>\n","protected":false},"excerpt":{"rendered":"<p>Palacio de Miraflores, Caracas.- El presidente de la Rep\u00fablica Bolivariana de Venezuela, Nicol\u00e1s Maduro, a trav\u00e9s de una llamada telef\u00f3nica, envi\u00f3 un fervoroso saludo al pueblo yaracuyano y al municipio Independencia, quienes marcharon en multitud contra las sanciones del gobierno norteamericano del presidente Joe Biden. El pueblo de Yaracuy, adem\u00e1s de enviarle un mensaje al [&hellip;]<\/p>\n","protected":false},"author":4,"featured_media":10961,"comment_status":"open","ping_status":"open","sticky":false,"template":"","format":"standard","meta":{"footnotes":""},"categories":[18,7],"tags":[30,19,27,20],"class_list":["post-10960","post","type-post","status-publish","format-standard","has-post-thumbnail","hentry","category-noticias-principales","category-notas-de-prensa","tag-destacado","tag-nicolas-maduro","tag-revolucion-bolivariana","tag-venezuela"],"_links":{"self":[{"href":"https:\/\/prensapresidencialvenezuela.gob.ve\/index.php\/wp-json\/wp\/v2\/posts\/10960","targetHints":{"allow":["GET"]}}],"collection":[{"href":"https:\/\/prensapresidencialvenezuela.gob.ve\/index.php\/wp-json\/wp\/v2\/posts"}],"about":[{"href":"https:\/\/prensapresidencialvenezuela.gob.ve\/index.php\/wp-json\/wp\/v2\/types\/post"}],"author":[{"embeddable":true,"href":"https:\/\/prensapresidencialvenezuela.gob.ve\/index.php\/wp-json\/wp\/v2\/users\/4"}],"replies":[{"embeddable":true,"href":"https:\/\/prensapresidencialvenezuela.gob.ve\/index.php\/wp-json\/wp\/v2\/comments?post=10960"}],"version-history":[{"count":1,"href":"https:\/\/prensapresidencialvenezuela.gob.ve\/index.php\/wp-json\/wp\/v2\/posts\/10960\/revisions"}],"predecessor-version":[{"id":10963,"href":"https:\/\/prensapresidencialvenezuela.gob.ve\/index.php\/wp-json\/wp\/v2\/posts\/10960\/revisions\/10963"}],"wp:featuredmedia":[{"embeddable":true,"href":"https:\/\/prensapresidencialvenezuela.gob.ve\/index.php\/wp-json\/wp\/v2\/media\/10961"}],"wp:attachment":[{"href":"https:\/\/prensapresidencialvenezuela.gob.ve\/index.php\/wp-json\/wp\/v2\/media?parent=10960"}],"wp:term":[{"taxonomy":"category","embeddable":true,"href":"https:\/\/prensapresidencialvenezuela.gob.ve\/index.php\/wp-json\/wp\/v2\/categories?post=10960"},{"taxonomy":"post_tag","embeddable":true,"href":"https:\/\/prensapresidencialvenezuela.gob.ve\/index.php\/wp-json\/wp\/v2\/tags?post=10960"}],"curies":[{"name":"wp","href":"https:\/\/api.w.org\/{rel}","templated":true}]}}