{"id":10974,"date":"2024-05-11T13:28:55","date_gmt":"2024-05-11T17:28:55","guid":{"rendered":"http:\/\/172.27.0.121\/?p=10974"},"modified":"2024-05-13T13:30:37","modified_gmt":"2024-05-13T17:30:37","slug":"presidente-instruye-acelerar-conformacion-de-circulos-de-abuelos-y-abuelas","status":"publish","type":"post","link":"https:\/\/prensapresidencialvenezuela.gob.ve\/index.php\/2024\/05\/11\/presidente-instruye-acelerar-conformacion-de-circulos-de-abuelos-y-abuelas\/","title":{"rendered":"Presidente instruye acelerar conformaci\u00f3n de C\u00edrculos de Abuelos y Abuelas"},"content":{"rendered":"\n<p><strong>Palacio de Miraflores, Caracas.-<\/strong> El presidente de la Rep\u00fablica Bolivariana de Venezuela, Nicol\u00e1s Maduro Moros, durante un enlace telef\u00f3nico con la parroquia San Agust\u00edn, ubicada en Caracas, instruy\u00f3 acelerar la conformaci\u00f3n de C\u00edrculos de Abuelos y Abuelas.<\/p>\n\n\n\n<p>\u201cC\u00edrculo de abuelos y de abuelas, nos pusimos una meta, 20 mil c\u00edrculos en noventa d\u00edas, tenemos que superar esa meta\u201d, indic\u00f3 el Mandatario en el <a><\/a>enlace telef\u00f3nico.<\/p>\n\n\n\n<p>La jornada que se encuentra enmarcada en la Gran Misi\u00f3n Abuelos y Abuelas de la Patria, el Jefe de Estado orient\u00f3 a la organizaci\u00f3n de \u201clos c\u00edrculos de abuelos y abuelas en todos los barrios, en cada calles (\u2026), c\u00edrculos para hacer ejercicio, para tener la salud, para compartir\u201d.<\/p>\n\n\n\n<p>El Dignatario agradeci\u00f3 a todos los que se han sumado a la jornada.<\/p>\n\n\n\n<p>\u201cLe agradezco al Instituto Nacional de los Servicios Sociales (INASS), al Movimiento Somos Venezuela, a todo el personal de m\u00e9dicos, m\u00e9dicas, enfermeros, enfermeras, a toda la juventud, a los voluntarios, voluntarias, a las jefa y jefes de calle, comunidad\u201d, subray\u00f3.<\/p>\n\n\n\n<p>Asimismo, durante otro enlace telef\u00f3nico, esta vez, con el municipio Marcano, del estado Nueva Esparta, el presidente Maduro indic\u00f3 que se deben \u201cdesarrollar jornadas permanentes, que no le falte a las acciones salud, la medicina, la pastillita a nadie\u201d, tambi\u00e9n instruy\u00f3 en avanzar en la \u201cinauguraci\u00f3n de casa de abuelos y abuelas en todos los municipios del pa\u00eds\u201d.<\/p>\n\n\n\n<p>\u201cLa esperanza est\u00e1 en la calle y la gran misi\u00f3n, abuelos y abuelas de la patria. Cayendo y corriendo. Llegando a todo el pa\u00eds\u201d, subray\u00f3.<\/p>\n\n\n\n<p>La informaci\u00f3n fue destacada durante jornadas especiales de atenci\u00f3n a los Adultos Mayores en todo el pa\u00eds, denominada \u201cM\u00e1s A\u00f1os M\u00e1s Amor\u201d, en el contexto de la Gran Misi\u00f3n Abuelos y Abuelas de la Patria.<\/p>\n\n\n\n<p><strong>Prensa Presidencial \/ Eduardo Hueck<\/strong><\/p>\n","protected":false},"excerpt":{"rendered":"<p>Palacio de Miraflores, Caracas.- El presidente de la Rep\u00fablica Bolivariana de Venezuela, Nicol\u00e1s Maduro Moros, durante un enlace telef\u00f3nico con la parroquia San Agust\u00edn, ubicada en Caracas, instruy\u00f3 acelerar la conformaci\u00f3n de C\u00edrculos de Abuelos y Abuelas. \u201cC\u00edrculo de abuelos y de abuelas, nos pusimos una meta, 20 mil c\u00edrculos en noventa d\u00edas, tenemos que [&hellip;]<\/p>\n","protected":false},"author":4,"featured_media":10975,"comment_status":"open","ping_status":"open","sticky":false,"template":"","format":"standard","meta":{"footnotes":""},"categories":[18,7],"tags":[30,19,27,20],"class_list":["post-10974","post","type-post","status-publish","format-standard","has-post-thumbnail","hentry","category-noticias-principales","category-notas-de-prensa","tag-destacado","tag-nicolas-maduro","tag-revolucion-bolivariana","tag-venezuela"],"_links":{"self":[{"href":"https:\/\/prensapresidencialvenezuela.gob.ve\/index.php\/wp-json\/wp\/v2\/posts\/10974","targetHints":{"allow":["GET"]}}],"collection":[{"href":"https:\/\/prensapresidencialvenezuela.gob.ve\/index.php\/wp-json\/wp\/v2\/posts"}],"about":[{"href":"https:\/\/prensapresidencialvenezuela.gob.ve\/index.php\/wp-json\/wp\/v2\/types\/post"}],"author":[{"embeddable":true,"href":"https:\/\/prensapresidencialvenezuela.gob.ve\/index.php\/wp-json\/wp\/v2\/users\/4"}],"replies":[{"embeddable":true,"href":"https:\/\/prensapresidencialvenezuela.gob.ve\/index.php\/wp-json\/wp\/v2\/comments?post=10974"}],"version-history":[{"count":1,"href":"https:\/\/prensapresidencialvenezuela.gob.ve\/index.php\/wp-json\/wp\/v2\/posts\/10974\/revisions"}],"predecessor-version":[{"id":10976,"href":"https:\/\/prensapresidencialvenezuela.gob.ve\/index.php\/wp-json\/wp\/v2\/posts\/10974\/revisions\/10976"}],"wp:featuredmedia":[{"embeddable":true,"href":"https:\/\/prensapresidencialvenezuela.gob.ve\/index.php\/wp-json\/wp\/v2\/media\/10975"}],"wp:attachment":[{"href":"https:\/\/prensapresidencialvenezuela.gob.ve\/index.php\/wp-json\/wp\/v2\/media?parent=10974"}],"wp:term":[{"taxonomy":"category","embeddable":true,"href":"https:\/\/prensapresidencialvenezuela.gob.ve\/index.php\/wp-json\/wp\/v2\/categories?post=10974"},{"taxonomy":"post_tag","embeddable":true,"href":"https:\/\/prensapresidencialvenezuela.gob.ve\/index.php\/wp-json\/wp\/v2\/tags?post=10974"}],"curies":[{"name":"wp","href":"https:\/\/api.w.org\/{rel}","templated":true}]}}