{"id":10982,"date":"2024-05-11T13:38:55","date_gmt":"2024-05-11T17:38:55","guid":{"rendered":"http:\/\/172.27.0.121\/?p=10982"},"modified":"2024-05-13T13:41:15","modified_gmt":"2024-05-13T17:41:15","slug":"comandante-chavez-reivindico-las-raices-independentistas-de-venezuela","status":"publish","type":"post","link":"https:\/\/prensapresidencialvenezuela.gob.ve\/index.php\/2024\/05\/11\/comandante-chavez-reivindico-las-raices-independentistas-de-venezuela\/","title":{"rendered":"Comandante Ch\u00e1vez reivindic\u00f3 las ra\u00edces independentistas de Venezuela"},"content":{"rendered":"\n<p><strong>Teatro Teresa Carre\u00f1o, Caracas.-<\/strong> \u201cEn Venezuela se levant\u00f3 una bandera, la de Bol\u00edvar, el 4 de febrero de 1992, irrumpi\u00f3(\u2026), el comandante Hugo Ch\u00e1vez y el Movimiento Bolivariano Revolucionario 200, reivindicando nuestras ra\u00edces hist\u00f3ricas m\u00e1s profundas, libertarias, independentistas; eso estaba y est\u00e1 en los genes del pueblo venezolano\u201d.<\/p>\n\n\n\n<p>Las palabras corresponden al presidente de la Rep\u00fablica Bolivariana de <a><\/a>Venezuela, Nicol\u00e1s Maduro Moros, durante la emisi\u00f3n del Maduro Podcast n\u00famero 11, teniendo como invitado al analista y youtuber, Diego Ruzzar\u00edn.<\/p>\n\n\n\n<p>El Jefe de Estado, durante este ameno encuentro, recomend\u00f3 leer \u201cel documento original Santa Fe uno, de Ronald Reagan\u2013ex presidente estadounidense-, 1980\u201d, que deja en evidencia como \u201clos conservadores, los republicanos, definen al bolivarianismo como una de las amenazas para la existencia de ellos\u201d.<\/p>\n\n\n\n<p>\u201cEsas ideas, toda esa fuerza significaron el surgimiento de la primera revoluci\u00f3n del siglo XXI, este siglo que est\u00e1 en marcha\u201d, detall\u00f3, al tiempo que destacaba que la \u201crevoluci\u00f3n bolivariana, democr\u00e1tica, constitucional tomo el camino del socialismo tambi\u00e9n, con un pensamiento muy creador como el del comandante Ch\u00e1vez, que sigue teniendo un gran impacto en el mundo actual\u201d.<\/p>\n\n\n\n<p>Por su parte, Ruzzar\u00edn valor\u00f3 la importancia de \u201cvolver a recobrar estos valores de la de la gran Am\u00e9rica unida\u201d as\u00ed como la reivindicaci\u00f3n de la historia e identidad la cual ha sido afectada por el capitalismo.<\/p>\n\n\n\n<p>\u201cEs importante saber que si no nos unimos como bloque latinoamericano somos muy d\u00e9biles en el juego geopol\u00edtico internacional\u201d, recalc\u00f3.<\/p>\n\n\n\n<p>Asimismo, el youtuber reiter\u00f3 que es \u201cimportante que la gente recuerde que los procesos revolucionarios son de d\u00e9cadas y siglos. O sea, no son cosas que pasan de la noche a la ma\u00f1ana\u201d diferenci\u00e1ndolos de aquellos que \u201cm\u00e1s bien act\u00faan los intereses del capital\u201d.<\/p>\n\n\n\n<p>El presidente Maduro destac\u00f3 que esa cultura \u201cautodestructiva\u201d busca \u201cla disoluci\u00f3n del n\u00facleo familiar, la disoluci\u00f3n social, son una cantidad de cosas que uno ve y dice: ese mundo de ustedes \u2013imperialistas- no lo queremos\u201d.<\/p>\n\n\n\n<p><strong>Prensa Presidencial \/ Eduardo Hueck<\/strong><\/p>\n","protected":false},"excerpt":{"rendered":"<p>Teatro Teresa Carre\u00f1o, Caracas.- \u201cEn Venezuela se levant\u00f3 una bandera, la de Bol\u00edvar, el 4 de febrero de 1992, irrumpi\u00f3(\u2026), el comandante Hugo Ch\u00e1vez y el Movimiento Bolivariano Revolucionario 200, reivindicando nuestras ra\u00edces hist\u00f3ricas m\u00e1s profundas, libertarias, independentistas; eso estaba y est\u00e1 en los genes del pueblo venezolano\u201d. Las palabras corresponden al presidente de la [&hellip;]<\/p>\n","protected":false},"author":4,"featured_media":10983,"comment_status":"open","ping_status":"open","sticky":false,"template":"","format":"standard","meta":{"footnotes":""},"categories":[18,7],"tags":[30,19,27,20],"class_list":["post-10982","post","type-post","status-publish","format-standard","has-post-thumbnail","hentry","category-noticias-principales","category-notas-de-prensa","tag-destacado","tag-nicolas-maduro","tag-revolucion-bolivariana","tag-venezuela"],"_links":{"self":[{"href":"https:\/\/prensapresidencialvenezuela.gob.ve\/index.php\/wp-json\/wp\/v2\/posts\/10982","targetHints":{"allow":["GET"]}}],"collection":[{"href":"https:\/\/prensapresidencialvenezuela.gob.ve\/index.php\/wp-json\/wp\/v2\/posts"}],"about":[{"href":"https:\/\/prensapresidencialvenezuela.gob.ve\/index.php\/wp-json\/wp\/v2\/types\/post"}],"author":[{"embeddable":true,"href":"https:\/\/prensapresidencialvenezuela.gob.ve\/index.php\/wp-json\/wp\/v2\/users\/4"}],"replies":[{"embeddable":true,"href":"https:\/\/prensapresidencialvenezuela.gob.ve\/index.php\/wp-json\/wp\/v2\/comments?post=10982"}],"version-history":[{"count":1,"href":"https:\/\/prensapresidencialvenezuela.gob.ve\/index.php\/wp-json\/wp\/v2\/posts\/10982\/revisions"}],"predecessor-version":[{"id":10984,"href":"https:\/\/prensapresidencialvenezuela.gob.ve\/index.php\/wp-json\/wp\/v2\/posts\/10982\/revisions\/10984"}],"wp:featuredmedia":[{"embeddable":true,"href":"https:\/\/prensapresidencialvenezuela.gob.ve\/index.php\/wp-json\/wp\/v2\/media\/10983"}],"wp:attachment":[{"href":"https:\/\/prensapresidencialvenezuela.gob.ve\/index.php\/wp-json\/wp\/v2\/media?parent=10982"}],"wp:term":[{"taxonomy":"category","embeddable":true,"href":"https:\/\/prensapresidencialvenezuela.gob.ve\/index.php\/wp-json\/wp\/v2\/categories?post=10982"},{"taxonomy":"post_tag","embeddable":true,"href":"https:\/\/prensapresidencialvenezuela.gob.ve\/index.php\/wp-json\/wp\/v2\/tags?post=10982"}],"curies":[{"name":"wp","href":"https:\/\/api.w.org\/{rel}","templated":true}]}}