{"id":11033,"date":"2024-05-13T19:36:10","date_gmt":"2024-05-13T23:36:10","guid":{"rendered":"http:\/\/172.27.0.121\/?p=11033"},"modified":"2024-05-14T19:37:23","modified_gmt":"2024-05-14T23:37:23","slug":"presidencialven-en-linea-n-56","status":"publish","type":"post","link":"https:\/\/prensapresidencialvenezuela.gob.ve\/index.php\/2024\/05\/13\/presidencialven-en-linea-n-56\/","title":{"rendered":"PresidencialVen en L\u00ednea | N\u00b0 56"},"content":{"rendered":"\n<figure class=\"wp-block-image size-large\"><img fetchpriority=\"high\" decoding=\"async\" width=\"1024\" height=\"1024\" src=\"https:\/\/prensapresidencialvenezuela.gob.ve\/wp-content\/uploads\/2024\/05\/presidencial-ven-cuadrado-1-1-1-1024x1024.jpg\" alt=\"\" class=\"wp-image-10936\" srcset=\"https:\/\/prensapresidencialvenezuela.gob.ve\/wp-content\/uploads\/2024\/05\/presidencial-ven-cuadrado-1-1-1-1024x1024.jpg 1024w, https:\/\/prensapresidencialvenezuela.gob.ve\/wp-content\/uploads\/2024\/05\/presidencial-ven-cuadrado-1-1-1-300x300.jpg 300w, https:\/\/prensapresidencialvenezuela.gob.ve\/wp-content\/uploads\/2024\/05\/presidencial-ven-cuadrado-1-1-1-150x150.jpg 150w, https:\/\/prensapresidencialvenezuela.gob.ve\/wp-content\/uploads\/2024\/05\/presidencial-ven-cuadrado-1-1-1-768x768.jpg 768w, https:\/\/prensapresidencialvenezuela.gob.ve\/wp-content\/uploads\/2024\/05\/presidencial-ven-cuadrado-1-1-1.jpg 1080w\" sizes=\"(max-width: 1024px) 100vw, 1024px\" \/><\/figure>\n\n\n\n<p>Garantizar la entrega de recursos al Poder Popular es la instrucci\u00f3n del presidente de la Rep\u00fablica, Nicol\u00e1s Maduro en el contexto de la 7T rumbo al 2030. Conoce m\u00e1s detalles en el reciente episodio de PresidencialVen en L\u00ednea.<\/p>\n\n\n\n<figure class=\"wp-block-audio\"><audio controls src=\"https:\/\/prensapresidencialvenezuela.gob.ve\/wp-content\/uploads\/2024\/05\/AUD-20240514-WA1168.mp3\"><\/audio><\/figure>\n","protected":false},"excerpt":{"rendered":"<p>Garantizar la entrega de recursos al Poder Popular es la instrucci\u00f3n del presidente de la Rep\u00fablica, Nicol\u00e1s Maduro en el contexto de la 7T rumbo al 2030. Conoce m\u00e1s detalles en el reciente episodio de PresidencialVen en L\u00ednea.<\/p>\n","protected":false},"author":4,"featured_media":11035,"comment_status":"open","ping_status":"open","sticky":false,"template":"","format":"standard","meta":{"footnotes":""},"categories":[18,3],"tags":[],"class_list":["post-11033","post","type-post","status-publish","format-standard","has-post-thumbnail","hentry","category-noticias-principales","category-contenido-de-audios"],"_links":{"self":[{"href":"https:\/\/prensapresidencialvenezuela.gob.ve\/index.php\/wp-json\/wp\/v2\/posts\/11033","targetHints":{"allow":["GET"]}}],"collection":[{"href":"https:\/\/prensapresidencialvenezuela.gob.ve\/index.php\/wp-json\/wp\/v2\/posts"}],"about":[{"href":"https:\/\/prensapresidencialvenezuela.gob.ve\/index.php\/wp-json\/wp\/v2\/types\/post"}],"author":[{"embeddable":true,"href":"https:\/\/prensapresidencialvenezuela.gob.ve\/index.php\/wp-json\/wp\/v2\/users\/4"}],"replies":[{"embeddable":true,"href":"https:\/\/prensapresidencialvenezuela.gob.ve\/index.php\/wp-json\/wp\/v2\/comments?post=11033"}],"version-history":[{"count":1,"href":"https:\/\/prensapresidencialvenezuela.gob.ve\/index.php\/wp-json\/wp\/v2\/posts\/11033\/revisions"}],"predecessor-version":[{"id":11037,"href":"https:\/\/prensapresidencialvenezuela.gob.ve\/index.php\/wp-json\/wp\/v2\/posts\/11033\/revisions\/11037"}],"wp:featuredmedia":[{"embeddable":true,"href":"https:\/\/prensapresidencialvenezuela.gob.ve\/index.php\/wp-json\/wp\/v2\/media\/11035"}],"wp:attachment":[{"href":"https:\/\/prensapresidencialvenezuela.gob.ve\/index.php\/wp-json\/wp\/v2\/media?parent=11033"}],"wp:term":[{"taxonomy":"category","embeddable":true,"href":"https:\/\/prensapresidencialvenezuela.gob.ve\/index.php\/wp-json\/wp\/v2\/categories?post=11033"},{"taxonomy":"post_tag","embeddable":true,"href":"https:\/\/prensapresidencialvenezuela.gob.ve\/index.php\/wp-json\/wp\/v2\/tags?post=11033"}],"curies":[{"name":"wp","href":"https:\/\/api.w.org\/{rel}","templated":true}]}}