{"id":1104,"date":"2022-02-07T01:56:00","date_gmt":"2022-02-07T01:56:00","guid":{"rendered":"http:\/\/172.27.0.121\/?p=1104"},"modified":"2022-06-02T01:58:59","modified_gmt":"2022-06-02T01:58:59","slug":"produccion-de-cafe-para-los-clap-seguira-incrementandose","status":"publish","type":"post","link":"https:\/\/prensapresidencialvenezuela.gob.ve\/index.php\/2022\/02\/07\/produccion-de-cafe-para-los-clap-seguira-incrementandose\/","title":{"rendered":"Producci\u00f3n de caf\u00e9 para los Clap seguir\u00e1 increment\u00e1ndose"},"content":{"rendered":"\n<p><strong>Palacio de Miraflores, Caracas.-<\/strong> La producci\u00f3n de caf\u00e9 para los Comit\u00e9s Locales de Abastecimiento y Producci\u00f3n (CLAP) seguir\u00e1 increment\u00e1ndose, a partir del trabajo eficaz y eficiente que est\u00e1n llevando a cabo empresas como Fama de Am\u00e9rica, la cual se inscribe en el valioso accionar de la clase obrera venezolana, destac\u00f3 el presidente de la Rep\u00fablica Bolivariana de Venezuela, Nicol\u00e1s Maduro, en el Tercer Encuentro Nacional de los Consejos Productivos de Trabajadores y Trabajadoras (CPTT).<\/p>\n\n\n\n<p>La empresa Fama de Am\u00e9rica cuenta con un CPTT que ha fortalecido la producci\u00f3n y ha permitido la recuperaci\u00f3n de las plantas en el pa\u00eds, arrojando a la fecha la existencia de 345 marcas y presentaciones de caf\u00e9 venezolano diversificado, producidos y procesados por manos campesinas y obreras.<\/p>\n\n\n\n<p>\u00ab\u00a1Buena noticia!\u00bb, exclam\u00f3 el jefe de Estado venezolano, quien inst\u00f3: Son buenas noticias que hay que dar a nuestro pa\u00eds (\u2026) porque trataron de llevarnos a la ruina econ\u00f3mica, a la par\u00e1lisis total, a la quiebra de Venezuela, a trav\u00e9s del ataque. M\u00e1s de 450 medidas de sanciones criminales promovidas por la derecha guaidocista\u00bb.<\/p>\n\n\n\n<p>Fustig\u00f3 el Mandatario que la derecha extremista antipatria ha querido torpedear el avance de la econom\u00eda nacional, sin embargo, enfatiz\u00f3 que \u00abah\u00ed va Venezuela resistiendo. Toda Venezuela en resistencia, la R de resistencia. Vamos avanzando Venezuela. \u00bb<\/p>\n\n\n\n<p><strong>Fama de Am\u00e9rica rompi\u00f3 el bloqueo<\/strong><\/p>\n\n\n\n<p>Sobre los avances y empe\u00f1o de Fama de Am\u00e9rica, el Dignatario valor\u00f3 que \u00e9sta rompi\u00f3 el bloqueo. \u00abCero bloqueo, Fama de Am\u00e9rica \u00a1muy bien!\u00bb, dijo en el encuentro de los Consejos Productivos de los Trabajadores y las Trabajadoras.<\/p>\n\n\n\n<p>Actualmente, en la planta de Fama de Am\u00e9rica, ubicada en la ciudad de Valencia, se instalar\u00e1 una l\u00ednea nueva denominada \u00abFama de Am\u00e9rica Cien gramos\u00bb, la cual contribuir\u00e1 a incrementar la producci\u00f3n de caf\u00e9 para los CLAP.<\/p>\n\n\n\n<p>Al respecto, el presidente Nicol\u00e1s Maduro felicit\u00f3 la iniciativa y destac\u00f3 que tiene que llegar el momento en que llegue el caf\u00e9 a los siete millones de hogares que reciben los CLAP.<\/p>\n\n\n\n<p>Para lograr tal fin, todas las plantas cuentan con alianzas estrat\u00e9gicas, y en ese sentido, el Jefe de Estado conf\u00eda en que el modelo de gesti\u00f3n socialista surgido de los Consejos Productivos de Trabajadores est\u00e9 alineado con las 3R.Nets (Resistencia , Renacimiento, Revolucionar) rumbo a la nueva \u00e9poca de transici\u00f3n al socialismo.<\/p>\n\n\n\n<p>\u00abCPT, la clase obrera de Venezuela unida. \u00a1Con el poder obrero vamos! Sigamos adelante, encuentro con los liderazgos y con la clase obrera unida\u00bb, exhort\u00f3 el presidente Maduro.<\/p>\n\n\n\n<p><strong>Prensa Presidencial\/Ana\u00eds P\u00e9rez<\/strong><\/p>\n","protected":false},"excerpt":{"rendered":"<p>Palacio de Miraflores, Caracas.- La producci\u00f3n de caf\u00e9 para los Comit\u00e9s Locales de Abastecimiento y Producci\u00f3n (CLAP) seguir\u00e1 increment\u00e1ndose, a partir del trabajo eficaz y eficiente que est\u00e1n llevando a cabo empresas como Fama de Am\u00e9rica, la cual se inscribe en el valioso accionar de la clase obrera venezolana, destac\u00f3 el presidente de la Rep\u00fablica [&hellip;]<\/p>\n","protected":false},"author":6,"featured_media":1105,"comment_status":"open","ping_status":"open","sticky":false,"template":"","format":"standard","meta":{"footnotes":""},"categories":[7],"tags":[],"class_list":["post-1104","post","type-post","status-publish","format-standard","has-post-thumbnail","hentry","category-notas-de-prensa"],"_links":{"self":[{"href":"https:\/\/prensapresidencialvenezuela.gob.ve\/index.php\/wp-json\/wp\/v2\/posts\/1104","targetHints":{"allow":["GET"]}}],"collection":[{"href":"https:\/\/prensapresidencialvenezuela.gob.ve\/index.php\/wp-json\/wp\/v2\/posts"}],"about":[{"href":"https:\/\/prensapresidencialvenezuela.gob.ve\/index.php\/wp-json\/wp\/v2\/types\/post"}],"author":[{"embeddable":true,"href":"https:\/\/prensapresidencialvenezuela.gob.ve\/index.php\/wp-json\/wp\/v2\/users\/6"}],"replies":[{"embeddable":true,"href":"https:\/\/prensapresidencialvenezuela.gob.ve\/index.php\/wp-json\/wp\/v2\/comments?post=1104"}],"version-history":[{"count":1,"href":"https:\/\/prensapresidencialvenezuela.gob.ve\/index.php\/wp-json\/wp\/v2\/posts\/1104\/revisions"}],"predecessor-version":[{"id":1106,"href":"https:\/\/prensapresidencialvenezuela.gob.ve\/index.php\/wp-json\/wp\/v2\/posts\/1104\/revisions\/1106"}],"wp:featuredmedia":[{"embeddable":true,"href":"https:\/\/prensapresidencialvenezuela.gob.ve\/index.php\/wp-json\/wp\/v2\/media\/1105"}],"wp:attachment":[{"href":"https:\/\/prensapresidencialvenezuela.gob.ve\/index.php\/wp-json\/wp\/v2\/media?parent=1104"}],"wp:term":[{"taxonomy":"category","embeddable":true,"href":"https:\/\/prensapresidencialvenezuela.gob.ve\/index.php\/wp-json\/wp\/v2\/categories?post=1104"},{"taxonomy":"post_tag","embeddable":true,"href":"https:\/\/prensapresidencialvenezuela.gob.ve\/index.php\/wp-json\/wp\/v2\/tags?post=1104"}],"curies":[{"name":"wp","href":"https:\/\/api.w.org\/{rel}","templated":true}]}}