{"id":11054,"date":"2024-05-14T20:08:44","date_gmt":"2024-05-15T00:08:44","guid":{"rendered":"http:\/\/172.27.0.121\/?p=11054"},"modified":"2024-05-14T20:09:32","modified_gmt":"2024-05-15T00:09:32","slug":"inaugurada-sede-de-mision-sonrisa-en-portuguesa","status":"publish","type":"post","link":"https:\/\/prensapresidencialvenezuela.gob.ve\/index.php\/2024\/05\/14\/inaugurada-sede-de-mision-sonrisa-en-portuguesa\/","title":{"rendered":"Inaugurada sede de Misi\u00f3n Sonrisa en Portuguesa"},"content":{"rendered":"\n<p><strong>San Felipe, estado Yaracuy.-<\/strong> Con el prop\u00f3sito de garantizar la salud bucal a la poblaci\u00f3n m\u00e1s vulnerable del estado Portuguesa, este martes se inaugur\u00f3 una sede de la Misi\u00f3n Sonrisa en Araure, la informaci\u00f3n la dio a conocer el presidente de la Rep\u00fablica, Nicol\u00e1s Maduro, al ofrecer los avances de las Brigadas Comunitarias Militares para la Educaci\u00f3n y la Salud (Bricomiles), desde San Felipe, estado Yaracuy.<\/p>\n\n\n\n<p>A trav\u00e9s de un enlace <a><\/a>televisivo a Araure, el Mandatario se\u00f1al\u00f3 que este programa social garantiza la atenci\u00f3n bucal de los abuelos, abuelas, mujeres embarazadas, \u201cy de aquellos que necesitan su pr\u00f3tesis para tener una salud, una tranquilidad dental\u201d.<\/p>\n\n\n\n<p>Asimismo, inst\u00f3 al sector privado a unirse a esta importante iniciativa y realizar su aporte social.<\/p>\n\n\n\n<p>\u201cVamos a hacer un esfuerzo p\u00fablico y privado para que se sumen a la Misi\u00f3n Sonrisa, que hagan su aporte social y nos echemos la carga aqu\u00ed todos juntos (\u2026) Todo eso lo estamos pensando para convocarlos a ustedes, cl\u00ednicas privadas, consultorios privados, odont\u00f3logos que ejercen a nivel privado, convocarlos a sumarse amorosa, solidaria y cristianamente a la Misi\u00f3n Sonrisa\u201d, puntualiz\u00f3 el Dignatario.<\/p>\n\n\n\n<p>Al respecto, instruy\u00f3 la elaboraci\u00f3n de propuestas \u201cpara apoyar al gremio odontol\u00f3gico y que el gremio odontol\u00f3gico apoye a nuestros abuelos, abuelas y a todo nuestro pueblo\u201d, indic\u00f3.<\/p>\n\n\n\n<p>Por su parte, Alessia Molina, odont\u00f3loga de la Misi\u00f3n Sonrisa, explic\u00f3 que esta sede -construida de forma ergon\u00f3mica- est\u00e1 dise\u00f1ada \u201cpara que nuestros profesionales, nuestros t\u00e9cnicos y nuestros obreros trabajen de forma amena y le devolvamos al pueblo venezolano esa salud bucal esa sonrisa sana que se merece\u201d.<\/p>\n\n\n\n<p>De igual manera, detall\u00f3 que cuenta con los servicios de pr\u00f3tesis dental, laboratorio, consultorio de especialidades como tratamientos de conducto, regularizaci\u00f3n de rebordes, \u201cpara dejar todo listo al paciente para su dise\u00f1o y toma de impresi\u00f3n para la elaboraci\u00f3n y confecci\u00f3n de la futura pr\u00f3tesis\u201d.<\/p>\n\n\n\n<p>Esta sede de la Misi\u00f3n Sonrisa ofrece servicios de prevenci\u00f3n odontol\u00f3gica, exodoncia, tratamiento curativo, pr\u00f3tesis dentales y ortodoncia, con el objetivo de atender a una poblaci\u00f3n de 600 personas al mes.<\/p>\n\n\n\n<p>La infraestructura de este espacio contempl\u00f3 la rehabilitaci\u00f3n integral de las \u00e1reas (impermeabilizaci\u00f3n, adecuaci\u00f3n y acabado de pared, iluminaci\u00f3n, climatizaci\u00f3n, construcci\u00f3n de bater\u00edas de ba\u00f1o y pintura), as\u00ed como la dotaci\u00f3n de equipos e insumos m\u00e9dicos.<\/p>\n\n\n\n<p><strong>Prensa Presidencial \/ Joelin Jim\u00e9nez<\/strong><\/p>\n","protected":false},"excerpt":{"rendered":"<p>San Felipe, estado Yaracuy.- Con el prop\u00f3sito de garantizar la salud bucal a la poblaci\u00f3n m\u00e1s vulnerable del estado Portuguesa, este martes se inaugur\u00f3 una sede de la Misi\u00f3n Sonrisa en Araure, la informaci\u00f3n la dio a conocer el presidente de la Rep\u00fablica, Nicol\u00e1s Maduro, al ofrecer los avances de las Brigadas Comunitarias Militares para [&hellip;]<\/p>\n","protected":false},"author":4,"featured_media":11055,"comment_status":"open","ping_status":"open","sticky":false,"template":"","format":"standard","meta":{"footnotes":""},"categories":[18,7],"tags":[30,19,27,20],"class_list":["post-11054","post","type-post","status-publish","format-standard","has-post-thumbnail","hentry","category-noticias-principales","category-notas-de-prensa","tag-destacado","tag-nicolas-maduro","tag-revolucion-bolivariana","tag-venezuela"],"_links":{"self":[{"href":"https:\/\/prensapresidencialvenezuela.gob.ve\/index.php\/wp-json\/wp\/v2\/posts\/11054","targetHints":{"allow":["GET"]}}],"collection":[{"href":"https:\/\/prensapresidencialvenezuela.gob.ve\/index.php\/wp-json\/wp\/v2\/posts"}],"about":[{"href":"https:\/\/prensapresidencialvenezuela.gob.ve\/index.php\/wp-json\/wp\/v2\/types\/post"}],"author":[{"embeddable":true,"href":"https:\/\/prensapresidencialvenezuela.gob.ve\/index.php\/wp-json\/wp\/v2\/users\/4"}],"replies":[{"embeddable":true,"href":"https:\/\/prensapresidencialvenezuela.gob.ve\/index.php\/wp-json\/wp\/v2\/comments?post=11054"}],"version-history":[{"count":1,"href":"https:\/\/prensapresidencialvenezuela.gob.ve\/index.php\/wp-json\/wp\/v2\/posts\/11054\/revisions"}],"predecessor-version":[{"id":11056,"href":"https:\/\/prensapresidencialvenezuela.gob.ve\/index.php\/wp-json\/wp\/v2\/posts\/11054\/revisions\/11056"}],"wp:featuredmedia":[{"embeddable":true,"href":"https:\/\/prensapresidencialvenezuela.gob.ve\/index.php\/wp-json\/wp\/v2\/media\/11055"}],"wp:attachment":[{"href":"https:\/\/prensapresidencialvenezuela.gob.ve\/index.php\/wp-json\/wp\/v2\/media?parent=11054"}],"wp:term":[{"taxonomy":"category","embeddable":true,"href":"https:\/\/prensapresidencialvenezuela.gob.ve\/index.php\/wp-json\/wp\/v2\/categories?post=11054"},{"taxonomy":"post_tag","embeddable":true,"href":"https:\/\/prensapresidencialvenezuela.gob.ve\/index.php\/wp-json\/wp\/v2\/tags?post=11054"}],"curies":[{"name":"wp","href":"https:\/\/api.w.org\/{rel}","templated":true}]}}